{"id":635224,"date":"2026-01-02T00:33:17","date_gmt":"2026-01-02T00:33:17","guid":{"rendered":"https:\/\/www.europesays.com\/fr\/635224\/"},"modified":"2026-01-02T00:33:17","modified_gmt":"2026-01-02T00:33:17","slug":"promo-499e-hp-17-cp2056nf-argent-fin-et-leger-pc-portable-pas-cher-17%e2%80%b3-ips-full-hd-grand-format-sous-amd-ryzen-5-avec-gros-stockage-ssd-rapide-1-to","status":"publish","type":"post","link":"https:\/\/www.europesays.com\/fr\/635224\/","title":{"rendered":"Promo 499\u20ac HP 17-cp2056nf Argent fin et l\u00e9ger, PC portable pas cher 17\u2033 IPS Full HD grand format sous AMD Ryzen 5 avec gros stockage SSD rapide 1 To"},"content":{"rendered":"<p>Notre avis sur l\u2019HP 17-cp2056nf<\/p>\n<p>Un SSD d\u2019une capacit\u00e9 \u00e9lev\u00e9e de 1 To est int\u00e9gr\u00e9 dans le PC portable pas cher <strong>HP 17-cp2056nf<\/strong> grand format fin et l\u00e9ger qui profite aussi d\u2019une connectique Bluetooth 5.4 derni\u00e8re g\u00e9n\u00e9ration en plus du Wi-Fi 6 et de l\u2019USB-C. Muni d\u2019un \u00e9cran antireflet IPS Full HD de 17 pouces, cet ordinateur portable argent \u00e9l\u00e9gant \u00e0 l\u2019autonomie de 7 heures sous Windows 11 convient \u00e0 une utilisation courante avec son processeur AMD Ryzen 5 7520U Mendocino et ses 16 Go de m\u00e9moire vive. <\/p>\n<p><img loading=\"lazy\" width=\"2000\" height=\"1714\" decoding=\"async\" src=\"https:\/\/www.europesays.com\/fr\/wp-content\/uploads\/2026\/01\/HP-17-cp2056nf-1.jpg\" alt=\"HP 17-cp2056nf\" data-id=\"368940\"\/><\/p>\n<p>\t\t\t\t\t\t\t\t\t<img loading=\"lazy\" width=\"400\" height=\"128\" decoding=\"async\" src=\"https:\/\/www.europesays.com\/fr\/wp-content\/uploads\/2025\/10\/Carrefour.gif\" class=\"lps-box-comparo-ligne-logo-marchand\" title=\"\" alt=\"\"\/><\/p>\n<p>\t\t\t\t\t\t\t\t\t499\u20ac<\/p>\n<p>Caract\u00e9ristiques de l\u2019HP 17-cp2056nf<\/p>\n<tr>\n<td>\u00c9cran(s)<\/td>\n<td>17.3\u2019\u2019 Full HD IPS LED 45% NTSC 300cd\/m\u00b2 (1920\u00d71080, antireflet)<\/td>\n<\/tr>\n<tr>\n<td>Processeur<\/td>\n<td>AMD Ryzen 5 7520U Mendocino (2.8 GHz, 4 c\u0153urs, TDP 15W)<\/td>\n<\/tr>\n<tr>\n<td>M\u00e9moire vive install\u00e9e (max)<\/td>\n<td>16 Go (soud\u00e9s) LPDDR5 6400MHz<\/td>\n<\/tr>\n<tr>\n<td>Carte graphique<\/td>\n<td>AMD Radeon 610M int\u00e9gr\u00e9e au processeur<\/td>\n<\/tr>\n<tr>\n<td>Stockage<\/td>\n<td>SSD M.2 de 1 To (NVMe PCIe)<\/td>\n<\/tr>\n<tr>\n<td>Connectique<\/td>\n<td>2 USB 3.2 (Gen1) + 1 USB 3.2 Type-C (Gen1), HDMI 1.4<\/td>\n<\/tr>\n<tr>\n<td>R\u00e9seau<\/td>\n<td>Wi-Fi 6 ax (2\u00d72), Bluetooth 5.4<\/td>\n<\/tr>\n<tr>\n<td>Clavier r\u00e9tro \u00e9clair\u00e9<\/td>\n<td>\u2013<\/td>\n<\/tr>\n<tr>\n<td>Pav\u00e9 num\u00e9rique<\/td>\n<td>Oui<\/td>\n<\/tr>\n<tr>\n<td>Windows Hello<\/td>\n<td>\u2013<\/td>\n<\/tr>\n<tr>\n<td>Syst\u00e8me audio<\/td>\n<td>2 haut-parleurs<\/td>\n<\/tr>\n<tr>\n<td>Syst\u00e8me d\u2019exploitation<\/td>\n<td>Windows 11 64 bits<\/td>\n<\/tr>\n<tr>\n<td>Autonomie annonc\u00e9e \/ Batterie<\/td>\n<td>7 heures \/ Li-Ion 3 cellules 41Whr (175 gr)<\/td>\n<\/tr>\n<tr>\n<td>Poids \/ Dimensions (mm)<\/td>\n<td>2.07 Kg \/ 400.7 x 257.8 x 20.6<\/td>\n<\/tr>\n<p>L\u2019HP 17-cp2056nf face \u00e0 la concurrence<\/p>\n<p>L\u2019HP 17-cp2056nf s\u2019affiche actuellement en <strong><a href=\"https:\/\/yurl.fr\/l\/laptopspirit\/aHR0cHM6Ly93d3cuY2FycmVmb3VyLmZyL3AvcGMtcG9ydGFibGUtMTctMTctY3AyMDU2bmYtaHAtMDE5OTY0MjQ2NDMxNQ\" target=\"_blank\" rel=\"nofollow noopener\" onclick=\"ga(&#039;send&#039;, &#039;event&#039;, &#039;lienYurl&#039;, &#039;clicYurl&#039;, &#039;lienYurlArticle&#039;);\">promotion chez Carrefour<\/a><\/strong> et offre un rapport configuration\/prix <a href=\"https:\/\/www.laptopspirit.fr\/comparateur\/filtres\/criteres\/040d861aad1f150927dee25f6a294382.html\" target=\"_blank\" rel=\"noopener noreferrer\">attractif pour sa cat\u00e9gorie o\u00f9 il est l\u2019un des moins chers<\/a> \u00e0 adopter un stockage SSD de capacit\u00e9 aussi \u00e9lev\u00e9e ainsi que du Bluetooth 5.4 derni\u00e8re g\u00e9n\u00e9ration dans un aussi grand format aussi fin et l\u00e9ger.<\/p>\n<p>Si ce PC portable ne correspond pas totalement \u00e0 vos besoins, nous vous invitons \u00e0 consulter nos guides <a href=\"https:\/\/www.laptopspirit.fr\/pc-portable-pas-cher-les-meilleurs-ordinateurs-du-moment\" target=\"_blank\" rel=\"noopener\">PC portable pas cher<\/a> et <a href=\"https:\/\/www.laptopspirit.fr\/tag\/pc-portable-etudiant\" target=\"_blank\" rel=\"noopener\">PC portable \u00e9tudiant<\/a>, vous y trouverez d\u2019autres ordinateurs portables similaires qui peuvent constituer de bonnes alternatives \u00e0 l\u2019HP 17-cp2002nf.<\/p>\n<p>Ch\u00e2ssis, connectique, \u00e9cran de l\u2019HP 17-cp2056nf<\/p>\n<p>C\u2019est une allure \u00e9l\u00e9gante et discr\u00e8te qu\u2019arbore ce PC portable que l\u2019on peut recharger d\u2019environ 50% en 45 minutes de par son design design Argent Naturel relativement fin et l\u00e9ger pour un 17 pouces.<\/p>\n<p>En mati\u00e8re de connectique cet ordinateur portable est bien \u00e9quip\u00e9 avec ses ports Ethernet et audio, ses 3 USB dont 1 USB-C gr\u00e2ce auxquels on peut facilement brancher des p\u00e9riph\u00e9riques, sa sortie vid\u00e9o HDMI utile pour le relier facilement \u00e0 une TV ou un moniteur par exemple mais \u00e9galement ses modules sans-fil Wi-Fi 6 ax et Bluetooth 5.4 derni\u00e8re g\u00e9n\u00e9ration pour des connexions et communications \u00e0 distance, l\u00e0 o\u00f9 certains mod\u00e8les (beaucoup) plus chers se contentent du Bluetooth 5.2\/.3.<\/p>\n<p><a href=\"https:\/\/www.laptopspirit.fr\/wp-content\/uploads\/new\/2025\/11\/HP-17-cp2056nf-2.jpg\" data-slb-active=\"1\" data-slb-asset=\"1998191987\" data-slb-internal=\"0\" data-slb-group=\"368938\" target=\"_blank\" rel=\"noopener\"><img loading=\"lazy\" decoding=\"async\" width=\"1024\" height=\"784\" src=\"https:\/\/www.europesays.com\/fr\/wp-content\/uploads\/2026\/01\/HP-17-cp2056nf-2-1024x784.jpg\" alt=\"HP 17-cp2056nf\" class=\"wp-image-368941\"  \/><\/a><\/p>\n<p>Bien adapt\u00e9 aux vid\u00e9os en raison de son format 16\/9\u00e8me, l\u2019\u00e9cran Full HD se pare d\u2019angles de vision cons\u00e9quents, tant \u00e0 l\u2019horizontale qu\u2019\u00e0 la verticale, et ce gr\u00e2ce \u00e0 sa technologie IPS.<br \/>Toutefois \u00e0 ce niveau de prix bien s\u00fbr, on n\u2019a pas affaire \u00e0 de l\u2019IPS haut de gamme. En cons\u00e9quence la colorim\u00e9trie est classique.<br \/>En tous les cas comme il rev\u00eat un traitement antireflet, l\u2019\u00e9cran se montre plus lisible en environnement lumineux (ex : ext\u00e9rieur) qu\u2019une dalle brillante et moins fatigant pour les yeux en usage prolong\u00e9.<\/p>\n<p>Performances, autonomie de l\u2019HP 17-cp2056nf<\/p>\n<p>L\u2019HP 17-cp2056nf est un PC portable 17 pouces offrant une capacit\u00e9 de stockage \u00e9lev\u00e9 et destin\u00e9 \u00e0 un usage courant.<\/p>\n<p>C\u2019est une grosse capacit\u00e9 de 1000 Go que propose le SSD embarqu\u00e9.<br \/>On peut donc sereinement installer et stocker moult applications et fichiers divers et vari\u00e9s sur le SSD silencieux, peu \u00e9nergivore et tr\u00e8s rapide.<\/p>\n<p>Gr\u00e2ce \u00e0 sa grande v\u00e9locit\u00e9, le SSD renforce nettement la r\u00e9activit\u00e9 et la fluidit\u00e9 pour que les d\u00e9marrages\/arr\u00eats s\u2019effectuent vite \u00e0 l\u2019instar des lancements d\u2019applications.<\/p>\n<p>Au quotidien le SSD soutient donc tr\u00e8s bien le c\u0153ur compos\u00e9 d\u2019une bonne quantit\u00e9 de m\u00e9moire vive de 16 Go et d\u2019un processeur AMD Ryzen 5 7520U basse consommation <a href=\"https:\/\/www.laptopspirit.fr\/322161\/ces-2023-amd-ryzen-7000-les-nouveaux-processeurs-mobiles-pour-pc-portables-officiels-de-mendocino-a-dragon-range.html\" target=\"_blank\" rel=\"noopener noreferrer\">Mendocino<\/a> muni de 4 c\u0153urs et du module partie graphique Radeon 610M en plus de 4 c\u0153urs.<\/p>\n<p><img loading=\"lazy\" width=\"2000\" height=\"1613\" decoding=\"async\" src=\"https:\/\/www.europesays.com\/fr\/wp-content\/uploads\/2026\/01\/HP-17-cp2056nf-3.jpg\" alt=\"HP 17-cp2056nf\" data-id=\"368942\"\/><\/p>\n<p>\t\t\t\t\t\t\t\t\t<img loading=\"lazy\" width=\"400\" height=\"128\" decoding=\"async\" src=\"https:\/\/www.europesays.com\/fr\/wp-content\/uploads\/2025\/10\/Carrefour.gif\" class=\"lps-box-comparo-ligne-logo-marchand\" title=\"\" alt=\"\"\/><\/p>\n<p>\t\t\t\t\t\t\t\t\t499\u20ac<\/p>\n<p>Cet ordinateur portable convient donc \u00e0 une utilisation courante, comme de la bureautique, du surf sur Internet ou encore pour regarder des photos et vid\u00e9os.<\/p>\n<p>Quant \u00e0 l\u2019autonomie elle s\u2019\u00e9tablit aux environs de 7 heures sur batterie en utilisation l\u00e9g\u00e8re pour cet ordinateur assez fin et l\u00e9ger pour un 17 pouces certes pas des plus nomades qui soit par nature. Mais qui s\u2019av\u00e8re bien plus facile \u00e0 transporter qu\u2019un mod\u00e8le de bureau tout en \u00e9tant utilisable plusieurs heures loin d\u2019une prise de courant.<br \/>Certains en qu\u00eate d\u2019un <a href=\"https:\/\/www.laptopspirit.fr\/tag\/ordinateur-portable-etudiant\" target=\"_blank\" rel=\"noopener noreferrer\">ordinateur portable \u00e9tudiant<\/a> de grand format pourront notamment \u00eatre int\u00e9ress\u00e9s.<\/p>\n","protected":false},"excerpt":{"rendered":"Notre avis sur l\u2019HP 17-cp2056nf Un SSD d\u2019une capacit\u00e9 \u00e9lev\u00e9e de 1 To est int\u00e9gr\u00e9 dans le PC&hellip;\n","protected":false},"author":2,"featured_media":635225,"comment_status":"","ping_status":"","sticky":false,"template":"","format":"standard","meta":{"footnotes":""},"categories":[7],"tags":[1011,27,43,40,41,39,42,44],"class_list":{"0":"post-635224","1":"post","2":"type-post","3":"status-publish","4":"format-standard","5":"has-post-thumbnail","7":"category-sciences-et-technologies","8":"tag-fr","9":"tag-france","10":"tag-science","11":"tag-science-and-technology","12":"tag-sciences","13":"tag-sciences-et-technologies","14":"tag-technologies","15":"tag-technology"},"share_on_mastodon":{"url":"https:\/\/pubeurope.com\/@fr\/115822697332309694","error":""},"_links":{"self":[{"href":"https:\/\/www.europesays.com\/fr\/wp-json\/wp\/v2\/posts\/635224","targetHints":{"allow":["GET"]}}],"collection":[{"href":"https:\/\/www.europesays.com\/fr\/wp-json\/wp\/v2\/posts"}],"about":[{"href":"https:\/\/www.europesays.com\/fr\/wp-json\/wp\/v2\/types\/post"}],"author":[{"embeddable":true,"href":"https:\/\/www.europesays.com\/fr\/wp-json\/wp\/v2\/users\/2"}],"replies":[{"embeddable":true,"href":"https:\/\/www.europesays.com\/fr\/wp-json\/wp\/v2\/comments?post=635224"}],"version-history":[{"count":0,"href":"https:\/\/www.europesays.com\/fr\/wp-json\/wp\/v2\/posts\/635224\/revisions"}],"wp:featuredmedia":[{"embeddable":true,"href":"https:\/\/www.europesays.com\/fr\/wp-json\/wp\/v2\/media\/635225"}],"wp:attachment":[{"href":"https:\/\/www.europesays.com\/fr\/wp-json\/wp\/v2\/media?parent=635224"}],"wp:term":[{"taxonomy":"category","embeddable":true,"href":"https:\/\/www.europesays.com\/fr\/wp-json\/wp\/v2\/categories?post=635224"},{"taxonomy":"post_tag","embeddable":true,"href":"https:\/\/www.europesays.com\/fr\/wp-json\/wp\/v2\/tags?post=635224"}],"curies":[{"name":"wp","href":"https:\/\/api.w.org\/{rel}","templated":true}]}}