{"id":635227,"date":"2026-01-02T00:35:11","date_gmt":"2026-01-02T00:35:11","guid":{"rendered":"https:\/\/www.europesays.com\/fr\/635227\/"},"modified":"2026-01-02T00:35:11","modified_gmt":"2026-01-02T00:35:11","slug":"les-iraniens-continuent-de-manifester-malgre-les-peines-de-mort-qui-battent-un-record-absolu-en-35-ans","status":"publish","type":"post","link":"https:\/\/www.europesays.com\/fr\/635227\/","title":{"rendered":"Les Iraniens continuent de manifester malgr\u00e9 les peines de mort qui battent un record absolu en 35\u00a0ans"},"content":{"rendered":"<p>\u00ab\u00abLe nombre d\u2019ex\u00e9cutions d\u00e9passe les 1500. C\u2019est un record. C\u2019est le plus grand nombre d\u2019ex\u00e9cutions recens\u00e9es ou signal\u00e9es depuis la fin des ann\u00e9es 1980, soit depuis plus de 35\u00a0ans\u00bb, a d\u00e9clar\u00e9 jeudi \u00e0 l\u2019AFP Mahmood Amiry-Moghaddam, directeur de l\u2019ONG Iran Human Rights (IHR) bas\u00e9e en Norv\u00e8ge. D\u2019autres ex\u00e9cutions restent \u00e0 confirmer, a-t-il ajout\u00e9, \u00e9voquant une hausse sans pr\u00e9c\u00e9dent\u00bb.<\/p>\n<p>Dans le Bazar de T\u00e9h\u00e9ran: <a href=\"https:\/\/www.letemps.ch\/articles\/dans-ces-conditions-travailler-n-a-plus-aucun-sens-en-iran-la-chute-du-rial-met-le-bazar-de-teheran-en-greve\" target=\"_blank\" rel=\"noopener\">\u00abDans ces conditions, travailler n\u2019a plus aucun sens\u00bb: en Iran, la chute du rial met le Bazar de T\u00e9h\u00e9ran en gr\u00e8ve<\/a>  <\/p>\n<p>Selon lui, le nombre de mises \u00e0 mort a notamment augment\u00e9 depuis le mouvement de contestation qui avait secou\u00e9 l\u2019Iran fin 2022, apr\u00e8s la mort d\u2019une jeune femme nomm\u00e9e Mahsa Amini. \u00abLe nombre d\u2019ex\u00e9cutions augmente donc de fa\u00e7on dramatique d\u2019ann\u00e9e en ann\u00e9e. De plus de 500 en 2022, nous sommes pass\u00e9s \u00e0 plus de 800 en 2023, puis \u00e0 975 en 2024, et aujourd\u2019hui, on en est \u00e0 plus de 1.500\u00bb, a d\u00e9taill\u00e9 Mahmood Amiry-Moghaddam.<\/p>\n<p>\u00abLes autorit\u00e9s iraniennes utilisent la peine de mort comme un instrument de terreur. [\u2026] L\u2019objectif de ces ex\u00e9cutions \u00e9tait d\u2019emp\u00eacher de nouvelles manifestations. Mais comme vous le voyez, ces derniers temps, elles n\u2019ont pas r\u00e9ussi\u00bb, a-t-il estim\u00e9.<\/p>\n<p>Massoud Pezeshkian menace d\u2019enfer son gouvernement<\/p>\n<p>Les Iraniens poursuivaient en effet jeudi leur manifestation contre la vie ch\u00e8re, partie dimanche de T\u00e9h\u00e9ran. Des commer\u00e7ants ont ferm\u00e9 boutique pour protester contre l\u2019hyperinflation, la d\u00e9pr\u00e9ciation de la monnaie et le marasme \u00e9conomique, avant de gagner des universit\u00e9s et le reste du pays. Jeudi, des affrontements localis\u00e9s entre manifestants et forces de l\u2019ordre ont fait trois morts jeudi en Iran, selon les m\u00e9dias locaux. Et des heurts ont \u00e9t\u00e9 signal\u00e9s dans des villes moyennes de dizaines de milliers d\u2019habitants.<\/p>\n<p>Mercredi d\u00e9j\u00e0, un b\u00e2timent gouvernemental avait \u00e9t\u00e9 attaqu\u00e9 dans le sud de l\u2019Iran \u00e0 Fassa, alors que la quasi-totalit\u00e9 du pays avait \u00e9t\u00e9 mise en cong\u00e9, sur d\u00e9cision des autorit\u00e9s, qui ont invoqu\u00e9 le froid et des \u00e9conomies d\u2019\u00e9nergie.<\/p>\n<p>Le pr\u00e9sident Massoud Pezeshkian a sonn\u00e9 jeudi la mobilisation de son gouvernement: \u00abd\u2019un point de vue islamique [\u2026], si nous ne r\u00e9solvons pas le probl\u00e8me des moyens de subsistance des gens, nous finirons en enfer\u00bb, a-t-il d\u00e9clar\u00e9 dans un discours retransmis \u00e0 la t\u00e9l\u00e9vision, en pr\u00e9cisant que ce terme renvoyait \u00e0 un ch\u00e2timent religieux.<\/p>\n<p>Vivre \u00e0 T\u00e9h\u00e9ran: <a href=\"https:\/\/www.letemps.ch\/articles\/je-veux-sortir-ma-famille-de-cette-ville-surpeuplee-et-insalubre-pollution-et-secheresse-rendent-la-vie-impossible-a-teheran\" target=\"_blank\" rel=\"noopener\">\u00abJe veux sortir ma famille de cette ville surpeupl\u00e9e et insalubre\u00bb: pollution et s\u00e9cheresse rendent la vie impossible \u00e0 T\u00e9h\u00e9ran<\/a>  <\/p>\n<p>Le pouvoir a d\u00e8s le d\u00e9but du conflit tent\u00e9 de jouer l\u2019apaisement, reconnaissant les \u00abrevendications l\u00e9gitimes\u00bb li\u00e9es aux difficult\u00e9s \u00e9conomiques. Et des m\u00e9dias iraniens parlent cette fois de manifestants alors qu\u2019ils les avaient qualifi\u00e9s d\u2019\u00e9meutiers lors des pr\u00e9c\u00e9dents mouvements. Mais la justice a mis en garde contre toute tentative d\u2019instrumentalisation pour semer le chaos et promis la \u00abfermet\u00e9\u00bb.<\/p>\n<p>Ces protestations ne sont \u00e0 ce stade pas comparables \u00e0 ce stade avec le mouvement qui avait secou\u00e9 l\u2019Iran fin 2022, apr\u00e8s la mort de Mahsa Amini, une jeune Iranienne arr\u00eat\u00e9e pour un voile pr\u00e9tendument mal ajust\u00e9.<\/p>\n<p>Les familles iraniennes en lutte: <a href=\"https:\/\/www.letemps.ch\/articles\/en-iran-la-bataille-des-parents-pour-exiler-leurs-filles-la-republique-islamique-ne-peut-plus-leur-faire-de-mal\" target=\"_blank\" rel=\"noopener\">\u00abLa R\u00e9publique islamique ne peut plus leur faire de mal\u00bb: En Iran, la bataille des parents pour exiler leurs filles<\/a>  <\/p>\n","protected":false},"excerpt":{"rendered":"\u00ab\u00abLe nombre d\u2019ex\u00e9cutions d\u00e9passe les 1500. C\u2019est un record. C\u2019est le plus grand nombre d\u2019ex\u00e9cutions recens\u00e9es ou signal\u00e9es&hellip;\n","protected":false},"author":2,"featured_media":635228,"comment_status":"","ping_status":"","sticky":false,"template":"","format":"standard","meta":{"footnotes":""},"categories":[5],"tags":[11,1011,27,4438,14,3019,12,28],"class_list":{"0":"post-635227","1":"post","2":"type-post","3":"status-publish","4":"format-standard","5":"has-post-thumbnail","7":"category-international","8":"tag-actualites","9":"tag-fr","10":"tag-france","11":"tag-free","12":"tag-international","13":"tag-iran","14":"tag-news","15":"tag-world"},"share_on_mastodon":{"url":"https:\/\/pubeurope.com\/@fr\/115822704932519631","error":""},"_links":{"self":[{"href":"https:\/\/www.europesays.com\/fr\/wp-json\/wp\/v2\/posts\/635227","targetHints":{"allow":["GET"]}}],"collection":[{"href":"https:\/\/www.europesays.com\/fr\/wp-json\/wp\/v2\/posts"}],"about":[{"href":"https:\/\/www.europesays.com\/fr\/wp-json\/wp\/v2\/types\/post"}],"author":[{"embeddable":true,"href":"https:\/\/www.europesays.com\/fr\/wp-json\/wp\/v2\/users\/2"}],"replies":[{"embeddable":true,"href":"https:\/\/www.europesays.com\/fr\/wp-json\/wp\/v2\/comments?post=635227"}],"version-history":[{"count":0,"href":"https:\/\/www.europesays.com\/fr\/wp-json\/wp\/v2\/posts\/635227\/revisions"}],"wp:featuredmedia":[{"embeddable":true,"href":"https:\/\/www.europesays.com\/fr\/wp-json\/wp\/v2\/media\/635228"}],"wp:attachment":[{"href":"https:\/\/www.europesays.com\/fr\/wp-json\/wp\/v2\/media?parent=635227"}],"wp:term":[{"taxonomy":"category","embeddable":true,"href":"https:\/\/www.europesays.com\/fr\/wp-json\/wp\/v2\/categories?post=635227"},{"taxonomy":"post_tag","embeddable":true,"href":"https:\/\/www.europesays.com\/fr\/wp-json\/wp\/v2\/tags?post=635227"}],"curies":[{"name":"wp","href":"https:\/\/api.w.org\/{rel}","templated":true}]}}