{"id":635234,"date":"2026-01-02T00:44:04","date_gmt":"2026-01-02T00:44:04","guid":{"rendered":"https:\/\/www.europesays.com\/fr\/635234\/"},"modified":"2026-01-02T00:44:04","modified_gmt":"2026-01-02T00:44:04","slug":"betclic-elite-des-nouvelles-denzo-goudou-sinha-un-scrimmage-a-strasbourg-le-sluc-nancy-a-la-veille-de-la-reprise","status":"publish","type":"post","link":"https:\/\/www.europesays.com\/fr\/635234\/","title":{"rendered":"Betclic \u00c9lite. Des nouvelles d\u2019Enzo Goudou-Sinha, un \u00ab\u00a0scrimmage\u00a0\u00bb \u00e0 Strasbourg\u2026 Le SLUC Nancy \u00e0 la veille de la reprise"},"content":{"rendered":"<p><strong>Reprise.<\/strong> \u00c0 l\u2019exception des deux joueurs s\u00e9lectionn\u00e9s pour le All Star Game, Landers Nolley II et St\u00e9phane Gombauld, qui \u00e9taient encore sur le pont le dimanche 28\u00a0d\u00e9cembre, les basketteurs nanc\u00e9iens ont \u00ab\u00a0coup\u00e9\u00a0\u00bb au lendemain de leur d\u00e9faite \u00e0 Chalon (93-84), le 26\u00a0d\u00e9cembre. Apr\u00e8s une toute petite semaine de \u00ab\u00a0break\u00a0\u00bb, Sylvain Lauti\u00e9 et sa troupe reprendront le chemin de l\u2019entra\u00eenement ce vendredi, \u00e0 18h30. Dans le viseur\u00a0: le dernier match de la phase aller, face au leader de Betclic \u00c9lite Monaco, le samedi 10\u00a0janvier \u00e0 Gentilly (\u00e0 20h30). La semaine de reprise sera agr\u00e9ment\u00e9e d\u2019un \u00ab\u00a0scrimmage\u00a0\u00bb (match d\u2019entra\u00eenement), que les Nanc\u00e9iens disputeront \u00e0 Strasbourg, lundi apr\u00e8s-midi.<\/p>\n<p><strong>Entorse.<\/strong> Sorti sur blessure en d\u00e9but de deuxi\u00e8me quart-temps face \u00e0 Chalon, Enzo Goudou-Sinha souffre d\u2019une entorse de la cheville, a priori sans caract\u00e8re de gravit\u00e9. Pas s\u00fbr cependant que le meneur soit suffisamment r\u00e9tabli pour reprendre l\u2019entra\u00eenement avec ses co\u00e9quipiers, ce vendredi.<\/p>\n<p><strong>Monaco.<\/strong> Pas de vacances pour Monaco, le prochain adversaire du SLUC\u00a0! C\u2019est m\u00eame les cadences infernales pour la \u00ab\u00a0Roca Team\u00a0\u00bb, qui aura disput\u00e9 trois matchs d\u2019Euroleague en dix jours, avant de se pr\u00e9senter \u00e0 Gentilly le 10\u00a0janvier, \u00e0 Barcelone, le 30\u00a0d\u00e9cembre, face au Partizan Belgrade le 6\u00a0janvier et \u00e0 Valence le 8\u00a0janvier\u2026<\/p>\n","protected":false},"excerpt":{"rendered":"Reprise. \u00c0 l\u2019exception des deux joueurs s\u00e9lectionn\u00e9s pour le All Star Game, Landers Nolley II et St\u00e9phane Gombauld,&hellip;\n","protected":false},"author":2,"featured_media":635235,"comment_status":"","ping_status":"","sticky":false,"template":"","format":"standard","meta":{"footnotes":""},"categories":[9635],"tags":[1111,11,1791,1704,1777,674,1011,27,775,1702,1703,12,25,11567,517,1700],"class_list":{"0":"post-635234","1":"post","2":"type-post","3":"status-publish","4":"format-standard","5":"has-post-thumbnail","7":"category-nancy","8":"tag-actu","9":"tag-actualites","10":"tag-basket-ball","11":"tag-edition-nancy-et-agglomeration","12":"tag-eu","13":"tag-europe","14":"tag-fr","15":"tag-france","16":"tag-grand-est","17":"tag-nancy","18":"tag-nancy-ville-54b","19":"tag-news","20":"tag-republique-francaise","21":"tag-sluc","22":"tag-sport","23":"tag-sport-lorrain"},"share_on_mastodon":{"url":"https:\/\/pubeurope.com\/@fr\/115822740307032146","error":""},"_links":{"self":[{"href":"https:\/\/www.europesays.com\/fr\/wp-json\/wp\/v2\/posts\/635234","targetHints":{"allow":["GET"]}}],"collection":[{"href":"https:\/\/www.europesays.com\/fr\/wp-json\/wp\/v2\/posts"}],"about":[{"href":"https:\/\/www.europesays.com\/fr\/wp-json\/wp\/v2\/types\/post"}],"author":[{"embeddable":true,"href":"https:\/\/www.europesays.com\/fr\/wp-json\/wp\/v2\/users\/2"}],"replies":[{"embeddable":true,"href":"https:\/\/www.europesays.com\/fr\/wp-json\/wp\/v2\/comments?post=635234"}],"version-history":[{"count":0,"href":"https:\/\/www.europesays.com\/fr\/wp-json\/wp\/v2\/posts\/635234\/revisions"}],"wp:featuredmedia":[{"embeddable":true,"href":"https:\/\/www.europesays.com\/fr\/wp-json\/wp\/v2\/media\/635235"}],"wp:attachment":[{"href":"https:\/\/www.europesays.com\/fr\/wp-json\/wp\/v2\/media?parent=635234"}],"wp:term":[{"taxonomy":"category","embeddable":true,"href":"https:\/\/www.europesays.com\/fr\/wp-json\/wp\/v2\/categories?post=635234"},{"taxonomy":"post_tag","embeddable":true,"href":"https:\/\/www.europesays.com\/fr\/wp-json\/wp\/v2\/tags?post=635234"}],"curies":[{"name":"wp","href":"https:\/\/api.w.org\/{rel}","templated":true}]}}