{"id":635238,"date":"2026-01-02T00:48:15","date_gmt":"2026-01-02T00:48:15","guid":{"rendered":"https:\/\/www.europesays.com\/fr\/635238\/"},"modified":"2026-01-02T00:48:15","modified_gmt":"2026-01-02T00:48:15","slug":"une-pizzeria-ciblee-dans-des-circonstances-suspectes","status":"publish","type":"post","link":"https:\/\/www.europesays.com\/fr\/635238\/","title":{"rendered":"une pizzeria cibl\u00e9e dans des circonstances suspectes"},"content":{"rendered":"<p>                    Par<br \/>\n        <strong><br \/>\n            <a href=\"https:\/\/actu.fr\/auteur\/metropoop\" title=\"Consulter tous les articles de R\u00e9daction M\u00e9tropolitain\" target=\"_blank\" rel=\"noopener\">R\u00e9daction M\u00e9tropolitain<\/a><br \/>\n                    <\/strong><\/p>\n<p>        Publi\u00e9 le<\/p>\n<p>            1 janv. 2026 \u00e0 11h30        <\/p>\n<p>Un incendie a partiellement endommag\u00e9 l\u2019\u00e9tablissement Pizza Addict, situ\u00e9 rue du Portail, dans la commune de Grabels, <strong>ce jeudi 1er janvier 2026<\/strong> vers 3h du matin. Les flammes ont touch\u00e9 le pas-de-porte et la vitrine. Les fa\u00e7ades portent encore les traces noires laiss\u00e9es par la fum\u00e9e. Aucun bless\u00e9 n\u2019est \u00e0 d\u00e9plorer et aucune \u00e9vacuation n\u2019a \u00e9t\u00e9 n\u00e9cessaire.<\/p>\n<p>    <a href=\"https:\/\/www.google.com\/maps\/embed?pb=!1m18!1m12!1m3!1d23114.090373704526!2d3.8338559999999995!3d43.6011008!2m3!1f0!2f0!3f0!3m2!1i1024!2i768!4f13.1!3m3!1m2!1s0x12b6ac76e384badd%3A0x9eaac74d374e5397!2sPizza%20ADDICT!5e0!3m2!1sfr!2sfr!4v1767263411100!5m2!1sfr!2sfr\" title=\"Ouvrie le lien\" target=\"_blank\" rel=\"noopener\">Cliquez ici pour visualiser le contenu<\/a><\/p>\n<p>La piste criminelle privil\u00e9gi\u00e9e<\/p>\n<p class=\" wall-content\">Les premi\u00e8res constatations techniques et scientifiques men\u00e9es par les gendarmes orientent clairement l\u2019enqu\u00eate vers un incendie volontaire. L\u2019\u00e9tablissement avait d\u00e9j\u00e0 attir\u00e9 l\u2019attention des autorit\u00e9s : le 12 d\u00e9cembre dernier, la pr\u00e9fecture avait prononc\u00e9 une fermeture administrative de deux semaines pour travail dissimul\u00e9.\u00a0<\/p>\n<p>    <a href=\"https:\/\/www.facebook.com\/plugins\/video.php?height=476&amp;href=https%3A%2F%2Fwww.facebook.com%2Freel%2F869858675971125%2F&amp;show_text=false&amp;width=350&amp;t=0\" title=\"Ouvrie le lien\" target=\"_blank\" rel=\"noopener\">Cliquez ici pour visualiser le contenu<\/a><\/p>\n<p class=\" wall-content\">Ce nouvel incendie rappelle une affaire r\u00e9cente survenue \u00e0 Vailhauqu\u00e8s, \u00e0 quelques kilom\u00e8tres \u00e0 l\u2019ouest de Montpellier. <a href=\"https:\/\/actu.fr\/occitanie\/vailhauques_34320\/une-pizzeria-cible-d-un-incendie-criminel-pres-de-montpellier-la-gendarmerie-enquete_63539952.html\" target=\"_blank\" rel=\"noopener\">Le 5 d\u00e9cembre dernier, une pizzeria avait \u00e9t\u00e9 la cible d\u2019un incendie criminel \u00e0 l\u2019aube.<\/a> L\u2019exploitant avait d\u00e9couvert de la fum\u00e9e vers 5h30 et r\u00e9ussi \u00e0 \u00e9teindre le feu avant l\u2019arriv\u00e9e des sapeurs-pompiers du Sdis 34, \u00e9vitant une propagation aux commerces mitoyens.<\/p>\n<p class=\" wall-content\">Personnalisez votre actualit\u00e9 en ajoutant vos villes et m\u00e9dias en favori avec <a href=\"https:\/\/moncompte.actu.fr\" title=\"D\u00e9couvez Mon Actu\" rel=\"nofollow noopener\" data-trk=\"{&quot;cta&quot;:{&quot;action&quot;:&quot;https:\\\/\\\/moncompte.actu.fr&quot;,&quot;category&quot;:&quot;mon compte&quot;,&quot;from&quot;:&quot;article footer&quot;,&quot;name&quot;:&quot;Mon actu&quot;,&quot;type&quot;:&quot;cta&quot;}}\" target=\"_blank\">Mon Actu<\/a>.<\/p>\n","protected":false},"excerpt":{"rendered":"Par R\u00e9daction M\u00e9tropolitain Publi\u00e9 le 1 janv. 2026 \u00e0 11h30 Un incendie a partiellement endommag\u00e9 l\u2019\u00e9tablissement Pizza Addict,&hellip;\n","protected":false},"author":2,"featured_media":635239,"comment_status":"","ping_status":"","sticky":false,"template":"","format":"standard","meta":{"footnotes":""},"categories":[9599],"tags":[1111,11,258,1777,674,118,1011,27,1310,2208,12,2680,1311,25],"class_list":{"0":"post-635238","1":"post","2":"type-post","3":"status-publish","4":"format-standard","5":"has-post-thumbnail","7":"category-montpellier","8":"tag-actu","9":"tag-actualites","10":"tag-alimentation","11":"tag-eu","12":"tag-europe","13":"tag-faits-divers","14":"tag-fr","15":"tag-france","16":"tag-incendie","17":"tag-montpellier","18":"tag-news","19":"tag-occitanie","20":"tag-pompiers","21":"tag-republique-francaise"},"share_on_mastodon":{"url":"https:\/\/pubeurope.com\/@fr\/115822756076671492","error":""},"_links":{"self":[{"href":"https:\/\/www.europesays.com\/fr\/wp-json\/wp\/v2\/posts\/635238","targetHints":{"allow":["GET"]}}],"collection":[{"href":"https:\/\/www.europesays.com\/fr\/wp-json\/wp\/v2\/posts"}],"about":[{"href":"https:\/\/www.europesays.com\/fr\/wp-json\/wp\/v2\/types\/post"}],"author":[{"embeddable":true,"href":"https:\/\/www.europesays.com\/fr\/wp-json\/wp\/v2\/users\/2"}],"replies":[{"embeddable":true,"href":"https:\/\/www.europesays.com\/fr\/wp-json\/wp\/v2\/comments?post=635238"}],"version-history":[{"count":0,"href":"https:\/\/www.europesays.com\/fr\/wp-json\/wp\/v2\/posts\/635238\/revisions"}],"wp:featuredmedia":[{"embeddable":true,"href":"https:\/\/www.europesays.com\/fr\/wp-json\/wp\/v2\/media\/635239"}],"wp:attachment":[{"href":"https:\/\/www.europesays.com\/fr\/wp-json\/wp\/v2\/media?parent=635238"}],"wp:term":[{"taxonomy":"category","embeddable":true,"href":"https:\/\/www.europesays.com\/fr\/wp-json\/wp\/v2\/categories?post=635238"},{"taxonomy":"post_tag","embeddable":true,"href":"https:\/\/www.europesays.com\/fr\/wp-json\/wp\/v2\/tags?post=635238"}],"curies":[{"name":"wp","href":"https:\/\/api.w.org\/{rel}","templated":true}]}}