{"id":635244,"date":"2026-01-02T00:57:15","date_gmt":"2026-01-02T00:57:15","guid":{"rendered":"https:\/\/www.europesays.com\/fr\/635244\/"},"modified":"2026-01-02T00:57:15","modified_gmt":"2026-01-02T00:57:15","slug":"strasbourg-les-compos-probables-4","status":"publish","type":"post","link":"https:\/\/www.europesays.com\/fr\/635244\/","title":{"rendered":"Strasbourg : les compos probables"},"content":{"rendered":"<p>Deux \u00e9quipes qui vont mal en championnat. Sur une s\u00e9rie terrible en championnat, Nice a tout chang\u00e9 et a remplac\u00e9 Franck Haise par Claude Puel. L&rsquo;objectif est de cr\u00e9er un \u00e9lectrochoc et de prendre les trois points face \u00e0 un Strasbourg qui ne va pas beaucoup mieux puisqu&rsquo;il reste sur quatre matchs sans victoire en L1. Autant dire que Ni\u00e7ois et Strasbourgeois ont absolument besoin des trois points. La rencontre sera \u00e0 suivre ce samedi \u00e0 19h, sur Ligue 1+.<\/p>\n<p>Les compos probables<\/p>\n<p><strong>Nice<\/strong> : Dup\u00e9 &#8211; Clauss, Oppong, Bah, Bard &#8211; Sanson, Vanhoutte, Abdul Samed &#8211; Diop &#8211; Kevin Carlos, Cho<\/p>\n<p><strong>Strasbourg<\/strong> : Penders &#8211; Doukour\u00e9, H\u00f6gsberg, Chilwell &#8211; Amo-Ameyaw, El Mourabet, Barco, Moreira &#8211; Enciso, Nanasi &#8211; Panichelli<\/p>\n<p>\u00a0<\/p>\n<p>   Partagez cette info avec vos amis et vos proches en cliquant ici<br \/> Pour r\u00e9sumer<\/p>\n<p>Nice et Strasbourg s\u2019affrontent dans un contexte tendu. En grande difficult\u00e9, l\u2019OGCN a remplac\u00e9 Franck Haise par Claude Puel pour cr\u00e9er un \u00e9lectrochoc. En face, le Racing reste sur quatre matchs sans victoire. Les deux \u00e9quipes ont un besoin urgent de points.<\/p>\n<p>R\u00e9dacteur<\/p>\n<p><img decoding=\"async\" width=\"76\" height=\"76\" loading=\"lazy\" src=\"https:\/\/www.europesays.com\/fr\/wp-content\/uploads\/2025\/04\/avatar-onze.webp.webp\" alt=\"Nathan Bricout\"\/><\/p>\n","protected":false},"excerpt":{"rendered":"Deux \u00e9quipes qui vont mal en championnat. Sur une s\u00e9rie terrible en championnat, Nice a tout chang\u00e9 et&hellip;\n","protected":false},"author":2,"featured_media":635245,"comment_status":"","ping_status":"","sticky":false,"template":"","format":"standard","meta":{"footnotes":""},"categories":[2820],"tags":[1111,11,1777,674,1011,27,775,66,12,25,640],"class_list":{"0":"post-635244","1":"post","2":"type-post","3":"status-publish","4":"format-standard","5":"has-post-thumbnail","7":"category-strasbourg","8":"tag-actu","9":"tag-actualites","10":"tag-eu","11":"tag-europe","12":"tag-fr","13":"tag-france","14":"tag-grand-est","15":"tag-ligue-1","16":"tag-news","17":"tag-republique-francaise","18":"tag-strasbourg"},"share_on_mastodon":{"url":"https:\/\/pubeurope.com\/@fr\/115822791448781883","error":""},"_links":{"self":[{"href":"https:\/\/www.europesays.com\/fr\/wp-json\/wp\/v2\/posts\/635244","targetHints":{"allow":["GET"]}}],"collection":[{"href":"https:\/\/www.europesays.com\/fr\/wp-json\/wp\/v2\/posts"}],"about":[{"href":"https:\/\/www.europesays.com\/fr\/wp-json\/wp\/v2\/types\/post"}],"author":[{"embeddable":true,"href":"https:\/\/www.europesays.com\/fr\/wp-json\/wp\/v2\/users\/2"}],"replies":[{"embeddable":true,"href":"https:\/\/www.europesays.com\/fr\/wp-json\/wp\/v2\/comments?post=635244"}],"version-history":[{"count":0,"href":"https:\/\/www.europesays.com\/fr\/wp-json\/wp\/v2\/posts\/635244\/revisions"}],"wp:featuredmedia":[{"embeddable":true,"href":"https:\/\/www.europesays.com\/fr\/wp-json\/wp\/v2\/media\/635245"}],"wp:attachment":[{"href":"https:\/\/www.europesays.com\/fr\/wp-json\/wp\/v2\/media?parent=635244"}],"wp:term":[{"taxonomy":"category","embeddable":true,"href":"https:\/\/www.europesays.com\/fr\/wp-json\/wp\/v2\/categories?post=635244"},{"taxonomy":"post_tag","embeddable":true,"href":"https:\/\/www.europesays.com\/fr\/wp-json\/wp\/v2\/tags?post=635244"}],"curies":[{"name":"wp","href":"https:\/\/api.w.org\/{rel}","templated":true}]}}