{"id":635246,"date":"2026-01-02T00:59:52","date_gmt":"2026-01-02T00:59:52","guid":{"rendered":"https:\/\/www.europesays.com\/fr\/635246\/"},"modified":"2026-01-02T00:59:52","modified_gmt":"2026-01-02T00:59:52","slug":"elye-wahi-debarque-officiellement-a-nice","status":"publish","type":"post","link":"https:\/\/www.europesays.com\/fr\/635246\/","title":{"rendered":"Elye Wahi d\u00e9barque officiellement \u00e0 Nice"},"content":{"rendered":"<p>\n    L\u2019OGC Nice a officialis\u00e9 le transfert d\u2019Elye Wahi ce jeudi. L\u2019attaquant fran\u00e7ais rejoint les Aiglons en pr\u00eat jusqu\u2019\u00e0 la fin de la saison.<\/p>\n<p class=\"fig-paragraph\">Un renfort pour se sauver de la crise. Ce jeudi, l\u2019OGC Nice a officialis\u00e9 l\u2019arriv\u00e9e de l\u2019attaquant fran\u00e7ais (22 ans)\u00a0<a href=\"http:\/\/www.lefigaro.fr\/sports\/football\/transferts\/mercato-elye-wahi-de-retour-en-france-pour-essayer-de-relancer-nice-20251230\" target=\"_blank\" data-fig-type=\"NewsFlash\" rel=\"noopener\" data-gtm-custom-categorie=\"navigation\" data-gtm-custom-action=\"crossclick\" data-gtm-custom-label=\"Contextuel\" data-gtm-event=\"customEventSPE\" data-fig-domain=\"LEFIGARO\">Elye Wahi<\/a>. L\u2019ancien joueur de Montpellier, de Lens, ou encore de l\u2019Olympique de Marseille revient en France en provenance de Francfort. Il est pr\u00eat\u00e9 par le club allemand jusqu\u2019\u00e0 la fin de la saison, sans option d\u2019achat.<\/p>\n<p class=\"fig-paragraph\">En manque de r\u00e9ussite et de temps de jeu du c\u00f4t\u00e9 de l\u2019Allemagne &#8211; pas le moindre but marqu\u00e9 en 18 rencontres de Bundesliga &#8211; le Fran\u00e7ais n\u2019a marqu\u00e9 qu\u2019un petit but en Coupe d\u2019Allemagne. Il rejoint donc la C\u00f4te d\u2019Azur dans l\u2019optique de reprendre confiance et pour aider un club en pleine crise. Rappelons que les Aiglons ont vu le pr\u00e9sident\u00a0<a href=\"http:\/\/www.lefigaro.fr\/sports\/football\/ligue-1\/ligue-1-fabrice-bocquet-quitte-le-poste-de-president-de-l-ogc-nice-20251219\" target=\"_blank\" data-fig-type=\"NewsFlash\" rel=\"noopener\" data-gtm-custom-categorie=\"navigation\" data-gtm-custom-action=\"crossclick\" data-gtm-custom-label=\"Contextuel\" data-gtm-event=\"customEventSPE\" data-fig-domain=\"LEFIGARO\">Fabrice Bocquet<\/a>\u00a0quitter ses fonctions, un changement d\u2019entra\u00eeneur avec le d\u00e9part de Franck Haise pour le retour de\u00a0<a href=\"http:\/\/www.lefigaro.fr\/sports\/football\/ligue-1\/ligue-1-nice-officialise-l-arrivee-de-claude-puel-a-la-place-de-franck-haise-20251229\" target=\"_blank\" data-fig-type=\"NewsFlash\" rel=\"noopener\" data-gtm-custom-categorie=\"navigation\" data-gtm-custom-action=\"crossclick\" data-gtm-custom-label=\"Contextuel\" data-gtm-event=\"customEventSPE\" data-fig-domain=\"LEFIGARO\">Claude Puel<\/a>, ainsi que les brouilles avec les supporters,\u00a0<a href=\"http:\/\/www.lefigaro.fr\/sports\/football\/ligue-1\/ligue-1-la-fin-du-boycott-des-ultras-nicois-se-precise-20260101\" target=\"_blank\" data-fig-type=\"NewsFlash\" rel=\"noopener\" data-gtm-custom-categorie=\"navigation\" data-gtm-custom-action=\"crossclick\" data-gtm-custom-label=\"Contextuel\" data-gtm-event=\"customEventSPE\" data-fig-domain=\"LEFIGARO\">qui boycottent les rencontres de leur \u00e9quipe<\/a>.<\/p>\n<p>                                            <a class=\"fig-a11y-skip\" href=\"#fig-a11y-skip-main-inarticle\" data-module=\"a11y-skip\" data-context=\"was @visible\"><br \/>\n    Passer la publicit\u00e9<br \/>\n<\/a>            <\/p>\n<p class=\"fig-paragraph\">Elye Wahi, qui portera le num\u00e9ro 11, aura l\u2019occasion de s\u2019illustrer d\u00e8s samedi face \u00e0 Strasbourg, pour le compte de\u00a0<a href=\"https:\/\/www.lefigaro.fr\/sports\/football\/ligue-1\/calendrier-resultats?journee=17\" target=\"_blank\" rel=\"sponsored noopener\" data-gtm-custom-categorie=\"navigation\" data-gtm-custom-action=\"crossclick\" data-gtm-custom-label=\"Contextuel\" data-gtm-event=\"customEventSPE\">la 17e journ\u00e9e de Ligue 1<\/a>.<\/p>\n","protected":false},"excerpt":{"rendered":"L\u2019OGC Nice a officialis\u00e9 le transfert d\u2019Elye Wahi ce jeudi. L\u2019attaquant fran\u00e7ais rejoint les Aiglons en pr\u00eat jusqu\u2019\u00e0&hellip;\n","protected":false},"author":2,"featured_media":635247,"comment_status":"","ping_status":"","sticky":false,"template":"","format":"standard","meta":{"footnotes":""},"categories":[2819],"tags":[1111,11,1777,674,1011,27,1434,12,2401,2268,882,25],"class_list":{"0":"post-635246","1":"post","2":"type-post","3":"status-publish","4":"format-standard","5":"has-post-thumbnail","7":"category-nice","8":"tag-actu","9":"tag-actualites","10":"tag-eu","11":"tag-europe","12":"tag-fr","13":"tag-france","14":"tag-mercato","15":"tag-news","16":"tag-nice","17":"tag-ogc-nice","18":"tag-provence-alpes-cote-dazur","19":"tag-republique-francaise"},"share_on_mastodon":{"url":"https:\/\/pubeurope.com\/@fr\/115822803173391856","error":""},"_links":{"self":[{"href":"https:\/\/www.europesays.com\/fr\/wp-json\/wp\/v2\/posts\/635246","targetHints":{"allow":["GET"]}}],"collection":[{"href":"https:\/\/www.europesays.com\/fr\/wp-json\/wp\/v2\/posts"}],"about":[{"href":"https:\/\/www.europesays.com\/fr\/wp-json\/wp\/v2\/types\/post"}],"author":[{"embeddable":true,"href":"https:\/\/www.europesays.com\/fr\/wp-json\/wp\/v2\/users\/2"}],"replies":[{"embeddable":true,"href":"https:\/\/www.europesays.com\/fr\/wp-json\/wp\/v2\/comments?post=635246"}],"version-history":[{"count":0,"href":"https:\/\/www.europesays.com\/fr\/wp-json\/wp\/v2\/posts\/635246\/revisions"}],"wp:featuredmedia":[{"embeddable":true,"href":"https:\/\/www.europesays.com\/fr\/wp-json\/wp\/v2\/media\/635247"}],"wp:attachment":[{"href":"https:\/\/www.europesays.com\/fr\/wp-json\/wp\/v2\/media?parent=635246"}],"wp:term":[{"taxonomy":"category","embeddable":true,"href":"https:\/\/www.europesays.com\/fr\/wp-json\/wp\/v2\/categories?post=635246"},{"taxonomy":"post_tag","embeddable":true,"href":"https:\/\/www.europesays.com\/fr\/wp-json\/wp\/v2\/tags?post=635246"}],"curies":[{"name":"wp","href":"https:\/\/api.w.org\/{rel}","templated":true}]}}