{"id":635248,"date":"2026-01-02T01:01:44","date_gmt":"2026-01-02T01:01:44","guid":{"rendered":"https:\/\/www.europesays.com\/fr\/635248\/"},"modified":"2026-01-02T01:01:44","modified_gmt":"2026-01-02T01:01:44","slug":"mercato-un-international-francais-debarque-a-nantes-cabella-officiellement-prete-aux-canaris","status":"publish","type":"post","link":"https:\/\/www.europesays.com\/fr\/635248\/","title":{"rendered":"Mercato: un international fran\u00e7ais d\u00e9barque \u00e0 Nantes, Cabella officiellement pr\u00eat\u00e9 aux Canaris"},"content":{"rendered":"<p class=\"mb-4 text-lg md:leading-8 break-words\"><a href=\"https:\/\/fr.news.yahoo.com\/sport\/lille-reims-but-spectaculaire-r%C3%A9my-202250899.html\" data-ylk=\"slk:R\u00e9my Cabella;elm:context_link;itc:0;sec:content-canvas;outcm:mb_qualified_link;_E:mb_qualified_link;ct:story;\" class=\"link  yahoo-link\" target=\"_blank\" rel=\"noopener\">R\u00e9my Cabella<\/a> retrouve d\u00e9j\u00e0 la Ligue 1, moins de six mois apr\u00e8s l&rsquo;avoir quitt\u00e9e. Arriv\u00e9 cet \u00e9t\u00e9 \u00e0 l&rsquo;Olympiacos apr\u00e8s trois saisons \u00e0 Lille, l&rsquo;ancien Marseillais est pr\u00eat\u00e9 jusqu&rsquo;\u00e0 la fin de la saison au FC Nantes. Les Canaris ont officialis\u00e9 l&rsquo;information ce jeudi 1er janvier.<\/p>\n<p class=\"mb-4 text-lg md:leading-8 break-words\">&gt;&gt; <a href=\"https:\/\/rmcsport.bfmtv.com\/football\/transferts\/direct-mercato-suivez-en-live-toutes-les-infos-et-rumeurs-du-1er-janvier-2026_LN-202601010078.html\" rel=\"nofollow noopener\" target=\"_blank\" data-ylk=\"slk:Toutes les informations et rumeurs mercato EN DIRECT;elm:context_link;itc:0;sec:content-canvas\" class=\"link \">Toutes les informations et rumeurs mercato EN DIRECT<\/a><\/p>\n<p class=\"mb-4 text-lg md:leading-8 break-words\">L&rsquo;international fran\u00e7ais (35 ans, 4 s\u00e9lections) s\u2019\u00e9tait d\u00e9j\u00e0 entra\u00een\u00e9 avec le groupe au retour de la tr\u00eave. Il pourrait faire ses grands d\u00e9buts sous le maillot nantais face \u00e0 son ancien club puisque le FCN se d\u00e9place sur la pelouse de l&rsquo;OM ce dimanche en Ligue 1 (15h).<\/p>\n<p>En manque de temps de jeu \u00e0 l&rsquo;Olympiacos<\/p>\n<p class=\"mb-4 text-lg md:leading-8 break-words\">Apr\u00e8s Montpellier, Arles-Avignon, Marseille, Saint-\u00c9tienne et Lille, Cabella va conna\u00eetre son sixi\u00e8me club professionnel en France. \u00c0 l&rsquo;Olympiacos, il n&rsquo;a disput\u00e9 que 10 matchs toutes comp\u00e9titions confondues, pour deux passes d\u00e9cisives mais aucun but.<\/p>\n<p class=\"mb-4 text-lg md:leading-8 break-words\">Alors que Deiver Machado est arriv\u00e9 d\u00e9but d\u00e9cembre en qualit\u00e9 de joker, Cabella est la premi\u00e8re recrue officielle du mercato hivernal, qui a ouvert ses portes ce jeudi 1er janvier. Le FC Nantes entame la deuxi\u00e8me partie de saison avec la n\u00e9cessit\u00e9 de redresser la barre, le club pointant \u00e0 l&rsquo;avant-derni\u00e8re place de Ligue 1 apr\u00e8s 16 journ\u00e9es.<\/p>\n<p class=\"mb-4 text-lg md:leading-8 break-words\"><a href=\"https:\/\/rmcsport.bfmtv.com\/football\/transferts\/mercato-un-international-francais-debarque-a-nantes-cabella-officiellement-prete-aux-canaris_AV-202601010358.html#xtor=AL-68\" rel=\"nofollow noopener\" target=\"_blank\" data-ylk=\"slk:Article original publi\u00e9 sur RMC Sport;elm:context_link;itc:0;sec:content-canvas\" class=\"link \">Article original publi\u00e9 sur RMC Sport<\/a><\/p>\n","protected":false},"excerpt":{"rendered":"R\u00e9my Cabella retrouve d\u00e9j\u00e0 la Ligue 1, moins de six mois apr\u00e8s l&rsquo;avoir quitt\u00e9e. Arriv\u00e9 cet \u00e9t\u00e9 \u00e0&hellip;\n","protected":false},"author":2,"featured_media":635249,"comment_status":"","ping_status":"","sticky":false,"template":"","format":"standard","meta":{"footnotes":""},"categories":[2818],"tags":[1111,11,74290,1777,674,462,1011,27,74289,66,1307,1434,766,12,2636,8098,25,4001],"class_list":{"0":"post-635248","1":"post","2":"type-post","3":"status-publish","4":"format-standard","5":"has-post-thumbnail","7":"category-nantes","8":"tag-actu","9":"tag-actualites","10":"tag-deiver-machado","11":"tag-eu","12":"tag-europe","13":"tag-fc-nantes","14":"tag-fr","15":"tag-france","16":"tag-les-canaris","17":"tag-ligue-1","18":"tag-lille","19":"tag-mercato","20":"tag-nantes","21":"tag-news","22":"tag-pays-de-la-loire","23":"tag-remy-cabella","24":"tag-republique-francaise","25":"tag-saint-etienne"},"share_on_mastodon":{"url":"https:\/\/pubeurope.com\/@fr\/115822807161348655","error":""},"_links":{"self":[{"href":"https:\/\/www.europesays.com\/fr\/wp-json\/wp\/v2\/posts\/635248","targetHints":{"allow":["GET"]}}],"collection":[{"href":"https:\/\/www.europesays.com\/fr\/wp-json\/wp\/v2\/posts"}],"about":[{"href":"https:\/\/www.europesays.com\/fr\/wp-json\/wp\/v2\/types\/post"}],"author":[{"embeddable":true,"href":"https:\/\/www.europesays.com\/fr\/wp-json\/wp\/v2\/users\/2"}],"replies":[{"embeddable":true,"href":"https:\/\/www.europesays.com\/fr\/wp-json\/wp\/v2\/comments?post=635248"}],"version-history":[{"count":0,"href":"https:\/\/www.europesays.com\/fr\/wp-json\/wp\/v2\/posts\/635248\/revisions"}],"wp:featuredmedia":[{"embeddable":true,"href":"https:\/\/www.europesays.com\/fr\/wp-json\/wp\/v2\/media\/635249"}],"wp:attachment":[{"href":"https:\/\/www.europesays.com\/fr\/wp-json\/wp\/v2\/media?parent=635248"}],"wp:term":[{"taxonomy":"category","embeddable":true,"href":"https:\/\/www.europesays.com\/fr\/wp-json\/wp\/v2\/categories?post=635248"},{"taxonomy":"post_tag","embeddable":true,"href":"https:\/\/www.europesays.com\/fr\/wp-json\/wp\/v2\/tags?post=635248"}],"curies":[{"name":"wp","href":"https:\/\/api.w.org\/{rel}","templated":true}]}}