{"id":63525,"date":"2025-04-30T04:51:08","date_gmt":"2025-04-30T04:51:08","guid":{"rendered":"https:\/\/www.europesays.com\/fr\/63525\/"},"modified":"2025-04-30T04:51:08","modified_gmt":"2025-04-30T04:51:08","slug":"fermetures-decoles-en-ile-de-france-meme-paris-ny-echappe-pas","status":"publish","type":"post","link":"https:\/\/www.europesays.com\/fr\/63525\/","title":{"rendered":"Fermetures d\u2019\u00e9coles en \u00cele-de-France : m\u00eame Paris n\u2019y \u00e9chappe pas"},"content":{"rendered":"<p class=\"paragraph text_align_left\">\u00c0 force de perdre des \u00e9l\u00e8ves, elle ne pouvait plus y \u00e9chapper. \u00c0 la rentr\u00e9e prochaine, l\u2019\u00e9cole Lahire, situ\u00e9e dans le XIIIe arrondissement de Paris, fermera ses portes. Car \u00e0 force de voir <a href=\"https:\/\/www.leparisien.fr\/paris-75\/123-000-parisiens-en-moins-depuis-dix-ans-la-capitale-condamnee-a-linterminable-fuite-de-ses-habitants-05-02-2023-MVC2XJ7HAFHI7HZOCAVYQVT2CQ.php\" target=\"_blank\" rel=\"nofollow noopener\">sa population diminuer ann\u00e9e apr\u00e8s ann\u00e9e<\/a>, ses familles s\u2019exiler, et ses classes ferm\u00e9es, la capitale est donc aussi touch\u00e9e par la disparition d\u2019\u00e9coles. L\u2019\u00e9cole maternelle des Clo\u00ffs dans XVIIIe, <a href=\"https:\/\/www.leparisien.fr\/paris-75\/cantines-a-paris-une-future-cuisine-centrale-pour-ameliorer-la-qualite-des-repas-16-07-2023-E3WBWEW5HJAO3EUAYIJMRT2RKA.php\" target=\"_self\" rel=\"nofollow noopener\">Paul-Dubois<\/a> et Brant\u00f4me dans le IIIe ou l\u2019\u00e9cole Paradis dans le Xe\u2026 Ces derni\u00e8res ann\u00e9es, plusieurs \u00e9tablissements parisiens n\u2019ont plus accueilli d\u2019enfants. Au total, la capitale a perdu douze \u00e9coles maternelles ou \u00e9l\u00e9mentaires depuis 2021.<\/p>\n<p class=\"paragraph text_align_left\">\u00ab Rien que dans le premier arrondissement, il n\u2019y en a plus que deux, vu que plus personne n\u2019y habite \u00bb, fait savoir une directrice du centre de la capitale. \u00ab Et mon inspectrice ne fait que me dire qu\u2019il va falloir en fermer davantage. C\u2019est quelque chose qui va se reproduire \u00bb, soutient-elle.<\/p>\n","protected":false},"excerpt":{"rendered":"\u00c0 force de perdre des \u00e9l\u00e8ves, elle ne pouvait plus y \u00e9chapper. \u00c0 la rentr\u00e9e prochaine, l\u2019\u00e9cole Lahire,&hellip;\n","protected":false},"author":2,"featured_media":63526,"comment_status":"","ping_status":"","sticky":false,"template":"","format":"standard","meta":{"footnotes":""},"categories":[1888],"tags":[11,1777,674,1011,27,1944,12,626,25,104],"class_list":{"0":"post-63525","1":"post","2":"type-post","3":"status-publish","4":"format-standard","5":"has-post-thumbnail","7":"category-paris","8":"tag-actualites","9":"tag-eu","10":"tag-europe","11":"tag-fr","12":"tag-france","13":"tag-ma-ville","14":"tag-news","15":"tag-paris","16":"tag-republique-francaise","17":"tag-societe"},"share_on_mastodon":{"url":"https:\/\/pubeurope.com\/@fr\/114425121063812802","error":""},"_links":{"self":[{"href":"https:\/\/www.europesays.com\/fr\/wp-json\/wp\/v2\/posts\/63525","targetHints":{"allow":["GET"]}}],"collection":[{"href":"https:\/\/www.europesays.com\/fr\/wp-json\/wp\/v2\/posts"}],"about":[{"href":"https:\/\/www.europesays.com\/fr\/wp-json\/wp\/v2\/types\/post"}],"author":[{"embeddable":true,"href":"https:\/\/www.europesays.com\/fr\/wp-json\/wp\/v2\/users\/2"}],"replies":[{"embeddable":true,"href":"https:\/\/www.europesays.com\/fr\/wp-json\/wp\/v2\/comments?post=63525"}],"version-history":[{"count":0,"href":"https:\/\/www.europesays.com\/fr\/wp-json\/wp\/v2\/posts\/63525\/revisions"}],"wp:featuredmedia":[{"embeddable":true,"href":"https:\/\/www.europesays.com\/fr\/wp-json\/wp\/v2\/media\/63526"}],"wp:attachment":[{"href":"https:\/\/www.europesays.com\/fr\/wp-json\/wp\/v2\/media?parent=63525"}],"wp:term":[{"taxonomy":"category","embeddable":true,"href":"https:\/\/www.europesays.com\/fr\/wp-json\/wp\/v2\/categories?post=63525"},{"taxonomy":"post_tag","embeddable":true,"href":"https:\/\/www.europesays.com\/fr\/wp-json\/wp\/v2\/tags?post=63525"}],"curies":[{"name":"wp","href":"https:\/\/api.w.org\/{rel}","templated":true}]}}