{"id":635260,"date":"2026-01-02T01:09:10","date_gmt":"2026-01-02T01:09:10","guid":{"rendered":"https:\/\/www.europesays.com\/fr\/635260\/"},"modified":"2026-01-02T01:09:10","modified_gmt":"2026-01-02T01:09:10","slug":"angel-gomes-veut-quitter-marseille-pour","status":"publish","type":"post","link":"https:\/\/www.europesays.com\/fr\/635260\/","title":{"rendered":"Angel Gomes veut quitter Marseille pour&#8230;"},"content":{"rendered":"<p>En difficult\u00e9 depuis son arriv\u00e9e \u00e0 Marseille, Angel Gomes souhaiterait quitter l\u2019OM cet hiver.<\/p>\n<p>Arriv\u00e9 cet \u00e9t\u00e9 \u00e0 l\u2019OM dans le cadre d\u2019un transfert libre de Lille, Angel Gomes est une d\u00e9ception de ce d\u00e9but de saison du club phoc\u00e9en. Le milieu anglais n\u2019arrive pas \u00e0 s\u2019imposer et \u00e0 peser. Ainsi, selon GFFN, l\u2019Anglais envisage vraiment de quitter Marseille d\u00e8s cet hiver.<\/p>\n<p>Selon la m\u00eame source, il veut quitter la cit\u00e9 phoc\u00e9enne pour retrouver du temps de jeu dans l\u2019espoir d\u2019entrer dans les plans de Thomas Tuchel pour disputer la Coupe du monde l\u2019\u00e9t\u00e9 prochain. L\u2019international anglais a, en effet, disparu des radars du technicien allemand depuis qu\u2019il est \u00e0 Marseille.<\/p>\n<p>A noter que Gomes est \u00e9valu\u00e9 \u00e0 18 M\u20ac par Transfermarkt.<\/p>\n","protected":false},"excerpt":{"rendered":"En difficult\u00e9 depuis son arriv\u00e9e \u00e0 Marseille, Angel Gomes souhaiterait quitter l\u2019OM cet hiver. Arriv\u00e9 cet \u00e9t\u00e9 \u00e0&hellip;\n","protected":false},"author":2,"featured_media":635261,"comment_status":"","ping_status":"","sticky":false,"template":"","format":"standard","meta":{"footnotes":""},"categories":[2814],"tags":[1111,11,1777,674,1011,27,884,12,882,25],"class_list":{"0":"post-635260","1":"post","2":"type-post","3":"status-publish","4":"format-standard","5":"has-post-thumbnail","7":"category-marseille","8":"tag-actu","9":"tag-actualites","10":"tag-eu","11":"tag-europe","12":"tag-fr","13":"tag-france","14":"tag-marseille","15":"tag-news","16":"tag-provence-alpes-cote-dazur","17":"tag-republique-francaise"},"share_on_mastodon":{"url":"https:\/\/pubeurope.com\/@fr\/115822838911774476","error":""},"_links":{"self":[{"href":"https:\/\/www.europesays.com\/fr\/wp-json\/wp\/v2\/posts\/635260","targetHints":{"allow":["GET"]}}],"collection":[{"href":"https:\/\/www.europesays.com\/fr\/wp-json\/wp\/v2\/posts"}],"about":[{"href":"https:\/\/www.europesays.com\/fr\/wp-json\/wp\/v2\/types\/post"}],"author":[{"embeddable":true,"href":"https:\/\/www.europesays.com\/fr\/wp-json\/wp\/v2\/users\/2"}],"replies":[{"embeddable":true,"href":"https:\/\/www.europesays.com\/fr\/wp-json\/wp\/v2\/comments?post=635260"}],"version-history":[{"count":0,"href":"https:\/\/www.europesays.com\/fr\/wp-json\/wp\/v2\/posts\/635260\/revisions"}],"wp:featuredmedia":[{"embeddable":true,"href":"https:\/\/www.europesays.com\/fr\/wp-json\/wp\/v2\/media\/635261"}],"wp:attachment":[{"href":"https:\/\/www.europesays.com\/fr\/wp-json\/wp\/v2\/media?parent=635260"}],"wp:term":[{"taxonomy":"category","embeddable":true,"href":"https:\/\/www.europesays.com\/fr\/wp-json\/wp\/v2\/categories?post=635260"},{"taxonomy":"post_tag","embeddable":true,"href":"https:\/\/www.europesays.com\/fr\/wp-json\/wp\/v2\/tags?post=635260"}],"curies":[{"name":"wp","href":"https:\/\/api.w.org\/{rel}","templated":true}]}}