{"id":635268,"date":"2026-01-02T01:14:19","date_gmt":"2026-01-02T01:14:19","guid":{"rendered":"https:\/\/www.europesays.com\/fr\/635268\/"},"modified":"2026-01-02T01:14:19","modified_gmt":"2026-01-02T01:14:19","slug":"pas-dultras-visiteurs-dispositif-de-securite-habituel-pourquoi-le-derby-psg-paris-fc-au-parc-nest-pas-classe-a-risques","status":"publish","type":"post","link":"https:\/\/www.europesays.com\/fr\/635268\/","title":{"rendered":"Pas d\u2019ultras visiteurs, dispositif de s\u00e9curit\u00e9 habituel : pourquoi le derby PSG &#8211; Paris FC\u00a0au Parc n\u2019est pas class\u00e9 \u00e0 risques"},"content":{"rendered":"<p class=\"paragraph text_align_left lp-f-body-02\">L\u2019affiche est historique. Dimanche, et pour la premi\u00e8re fois depuis 47 ans, deux clubs parisiens vont s\u2019affronter pour une rencontre du Championnat de France de football. \u00c0 20h45, <a href=\"https:\/\/www.leparisien.fr\/sports\/football\/psg\/\" target=\"_self\" rel=\"noopener\">le Paris Saint-Germain<\/a> accueillera son voisin du <a href=\"https:\/\/www.leparisien.fr\/sports\/football\/paris-fc\/\" target=\"_self\" rel=\"noopener\">Paris FC<\/a> pour une rencontre \u00e0 haute valeur symbolique.<\/p>\n<p class=\"\">Avec mille supporters du Paris FC pr\u00e9sents, le parcage visiteurs du Parc des Princes sera plein lors de ce derby. Mais si les places \u00e0 10 euros pour les supporters du deuxi\u00e8me club de la capitale se sont vite envol\u00e9es, le parcage sera essentiellement remplis de supporters \u00ab lambdas \u00bb. <\/p>\n<p>Pas d\u2019ultras du PFC<\/p>\n<p class=\"\">En effet, cette affiche arrive dans des circonstances particuli\u00e8res pour le Paris FC et ses ultras. <a href=\"https:\/\/www.leparisien.fr\/sports\/football\/paris-fc\/mettre-au-pas-ceux-qui-ont-faute-apres-la-bagarre-entre-ses-groupes-ultras-le-paris-fc-promet-des-sanctions-08-12-2025-3M7ZPZGCYVHSFOFGXJ6FK2RFVY.php\" target=\"_self\" rel=\"noopener\">Apr\u00e8s la bagarre qui a oppos\u00e9 ses deux groupes ultras<\/a> le 7 d\u00e9cembre dernier au Havre, le Paris FC a pris des sanctions. Les ultras Lutetia (950 membres) sont interdits de d\u00e9placement jusqu\u2019\u00e0 nouvel ordre et ne seront donc pas pr\u00e9sents contre le voisin du PSG. <\/p>\n<p class=\"\">C\u00f4t\u00e9 Old Clan, qui s\u2019est \u00ab mis en sommeil \u00bb, 80 membres seront, eux, pr\u00e9sents, \u00e0 titre individuel. Ils ne poseront pas de b\u00e2ches mais auront un tambour et deux drapeaux. \u00ab Nous soutiendrons l\u2019\u00e9quipe comme nous avons toujours fait. Le Old Clan est en sommeil, ses membres sont toujours de fervents supporters \u00bb, nous pr\u00e9cise le groupe. <\/p>\n<p>Pas de dispositif particulier c\u00f4t\u00e9 PP<\/p>\n<p class=\"\">Malgr\u00e9 la port\u00e9e de cette rencontre, cette absence des ultras du Paris FC a sans doute conduit la pr\u00e9fecture de police de Paris, qui s\u2019est r\u00e9unie mardi avec les deux clubs, \u00e0 ne pas renforcer le dispositif de s\u00e9curit\u00e9 qu\u2019elle met en place habituellement pour une rencontre de Ligue 1 au <a href=\"https:\/\/www.leparisien.fr\/paris-75\/parc-des-princes\/\" target=\"_self\" rel=\"noopener\">Parc des Princes<\/a>.<\/p>\n<p class=\"\">La rencontre n\u2019a d\u2019ailleurs pas \u00e9t\u00e9 class\u00e9e \u00e0 risque par la Division nationale de lutte contre le hooliganisme (DNLH). C\u00f4t\u00e9 PSG, aucune mesure sp\u00e9cifique n\u2019a pas \u00e9t\u00e9 prise par le club, qui n\u2019a \u00ab pas de crainte particuli\u00e8re \u00bb autour de cette affiche pourtant in\u00e9dite.<\/p>\n<p class=\"\">Au niveau des restrictions, l\u2019interdiction de stationner entrera en vigueur d\u00e8s 8 heures du matin dans l\u2019ensemble des rues situ\u00e9es aux abords imm\u00e9diats du stade, mais aussi de son voisin de Jean-Bouin, et ce jusqu\u2019\u00e0 une heure dans la nuit de dimanche \u00e0 lundi. Un p\u00e9rim\u00e8tre qui concerne aussi bien Paris que Boulogne-Billancourt : la rue du commandant Guilbaud, l\u2019avenue du Parc des Princes, l\u2019all\u00e9e Charles Brennus ou encore la rue de l\u2019Arioste font partie des voies concern\u00e9es.<\/p>\n<p>Un nouveau derby une semaine plus tard<\/p>\n<p class=\"\">Par la suite, la circulation sera totalement interdite dans ce m\u00eame secteur \u00e0 partir de 17h45, soit pr\u00e8s de trois heures avant le coup d\u2019envoi. L\u00e0 encore, les restrictions ne seront lev\u00e9es qu\u2019\u00e0 une heure du matin.<\/p>\n<p class=\"\">Huit jours plus tard, le lundi 12 janvier, <a href=\"https:\/\/www.leparisien.fr\/sports\/football\/psg-paris-fc-pourquoi-le-16e-de-finale-de-coupe-de-france-sera-programme-un-lundi-soir-22-12-2025-JQKUQZQ3CVGERHWCSJQ2UCPVHY.php\" target=\"_self\" rel=\"noopener\">les deux \u00e9quipes parisiennes s\u2019affronteront \u00e0 nouveau<\/a>, cette fois en seizi\u00e8me de finale de la <a href=\"https:\/\/www.leparisien.fr\/sports\/football\/coupe-de-france-derby-parisien-entre-le-psg-et-le-pfc-au-parc-montreuil-face-a-amiens-le-tirage-au-sort-des-16es-21-12-2025-YCQQYG6M4JCSNHQCOHNX2KC7PY.php\" target=\"_self\" rel=\"noopener\">Coupe de France<\/a>. Une rencontre qui aura une nouvelle fois lieu au Parc des Princes. Pour l\u2019heure, la pr\u00e9fecture de police n\u2019a pas encore publi\u00e9 l\u2019arr\u00eat\u00e9 qui d\u00e9finit les diff\u00e9rentes restrictions de circulation et de stationnement.<\/p>\n","protected":false},"excerpt":{"rendered":"L\u2019affiche est historique. Dimanche, et pour la premi\u00e8re fois depuis 47 ans, deux clubs parisiens vont s\u2019affronter pour&hellip;\n","protected":false},"author":2,"featured_media":635269,"comment_status":"","ping_status":"","sticky":false,"template":"","format":"standard","meta":{"footnotes":""},"categories":[1888],"tags":[1111,1928,11,1927,1777,674,1011,27,1944,12,1926,626,1925,25,60],"class_list":{"0":"post-635268","1":"post","2":"type-post","3":"status-publish","4":"format-standard","5":"has-post-thumbnail","7":"category-paris","8":"tag-actu","9":"tag-actu-paris","10":"tag-actualites","11":"tag-actualites-paris","12":"tag-eu","13":"tag-europe","14":"tag-fr","15":"tag-france","16":"tag-ma-ville","17":"tag-news","18":"tag-news-paris","19":"tag-paris","20":"tag-paris-news","21":"tag-republique-francaise","22":"tag-sports"},"share_on_mastodon":{"url":"https:\/\/pubeurope.com\/@fr\/115822858301054752","error":""},"_links":{"self":[{"href":"https:\/\/www.europesays.com\/fr\/wp-json\/wp\/v2\/posts\/635268","targetHints":{"allow":["GET"]}}],"collection":[{"href":"https:\/\/www.europesays.com\/fr\/wp-json\/wp\/v2\/posts"}],"about":[{"href":"https:\/\/www.europesays.com\/fr\/wp-json\/wp\/v2\/types\/post"}],"author":[{"embeddable":true,"href":"https:\/\/www.europesays.com\/fr\/wp-json\/wp\/v2\/users\/2"}],"replies":[{"embeddable":true,"href":"https:\/\/www.europesays.com\/fr\/wp-json\/wp\/v2\/comments?post=635268"}],"version-history":[{"count":0,"href":"https:\/\/www.europesays.com\/fr\/wp-json\/wp\/v2\/posts\/635268\/revisions"}],"wp:featuredmedia":[{"embeddable":true,"href":"https:\/\/www.europesays.com\/fr\/wp-json\/wp\/v2\/media\/635269"}],"wp:attachment":[{"href":"https:\/\/www.europesays.com\/fr\/wp-json\/wp\/v2\/media?parent=635268"}],"wp:term":[{"taxonomy":"category","embeddable":true,"href":"https:\/\/www.europesays.com\/fr\/wp-json\/wp\/v2\/categories?post=635268"},{"taxonomy":"post_tag","embeddable":true,"href":"https:\/\/www.europesays.com\/fr\/wp-json\/wp\/v2\/tags?post=635268"}],"curies":[{"name":"wp","href":"https:\/\/api.w.org\/{rel}","templated":true}]}}