{"id":635272,"date":"2026-01-02T01:16:15","date_gmt":"2026-01-02T01:16:15","guid":{"rendered":"https:\/\/www.europesays.com\/fr\/635272\/"},"modified":"2026-01-02T01:16:15","modified_gmt":"2026-01-02T01:16:15","slug":"mobilier-scolaire-jete-a-la-benne-a-courbevoie-les-parents-de-lancienne-ecole-malraux-sindignent","status":"publish","type":"post","link":"https:\/\/www.europesays.com\/fr\/635272\/","title":{"rendered":"Mobilier scolaire jet\u00e9 \u00e0 la benne\u00a0: \u00e0 Courbevoie, les parents de l\u2019ancienne \u00e9cole Malraux s\u2019indignent"},"content":{"rendered":"<p class=\"\">\u00ab Vider les lieux en toute discr\u00e9tion, balancer \u00e0 la poubelle du mobilier scolaire en pleine p\u00e9riode de vacances de No\u00ebl, pendant que les gens regardent ailleurs, \u00e7a r\u00e9sume bien la fa\u00e7on dont ce dossier a \u00e9t\u00e9 trait\u00e9 \u00bb s\u2019agace un p\u00e8re de famille dont le fils, ancien pensionnaire de Malraux, a \u00e9t\u00e9 envoy\u00e9 vers une autre \u00e9cole de Courbevoie. L\u2019homme l\u2019avoue sans d\u00e9tour : il n\u2019a pas dig\u00e9r\u00e9 la mani\u00e8re dont l\u2019\u00e9tablissement et ses 12 classes ont ferm\u00e9 l\u2019\u00e9t\u00e9 dernier.<\/p>\n","protected":false},"excerpt":{"rendered":"\u00ab Vider les lieux en toute discr\u00e9tion, balancer \u00e0 la poubelle du mobilier scolaire en pleine p\u00e9riode de&hellip;\n","protected":false},"author":2,"featured_media":635273,"comment_status":"","ping_status":"","sticky":false,"template":"","format":"standard","meta":{"footnotes":""},"categories":[1888],"tags":[11,1777,674,1011,27,3314,1944,12,626,25],"class_list":{"0":"post-635272","1":"post","2":"type-post","3":"status-publish","4":"format-standard","5":"has-post-thumbnail","7":"category-paris","8":"tag-actualites","9":"tag-eu","10":"tag-europe","11":"tag-fr","12":"tag-france","13":"tag-hauts-de-seine","14":"tag-ma-ville","15":"tag-news","16":"tag-paris","17":"tag-republique-francaise"},"share_on_mastodon":{"url":"https:\/\/pubeurope.com\/@fr\/115822866158605448","error":""},"_links":{"self":[{"href":"https:\/\/www.europesays.com\/fr\/wp-json\/wp\/v2\/posts\/635272","targetHints":{"allow":["GET"]}}],"collection":[{"href":"https:\/\/www.europesays.com\/fr\/wp-json\/wp\/v2\/posts"}],"about":[{"href":"https:\/\/www.europesays.com\/fr\/wp-json\/wp\/v2\/types\/post"}],"author":[{"embeddable":true,"href":"https:\/\/www.europesays.com\/fr\/wp-json\/wp\/v2\/users\/2"}],"replies":[{"embeddable":true,"href":"https:\/\/www.europesays.com\/fr\/wp-json\/wp\/v2\/comments?post=635272"}],"version-history":[{"count":0,"href":"https:\/\/www.europesays.com\/fr\/wp-json\/wp\/v2\/posts\/635272\/revisions"}],"wp:featuredmedia":[{"embeddable":true,"href":"https:\/\/www.europesays.com\/fr\/wp-json\/wp\/v2\/media\/635273"}],"wp:attachment":[{"href":"https:\/\/www.europesays.com\/fr\/wp-json\/wp\/v2\/media?parent=635272"}],"wp:term":[{"taxonomy":"category","embeddable":true,"href":"https:\/\/www.europesays.com\/fr\/wp-json\/wp\/v2\/categories?post=635272"},{"taxonomy":"post_tag","embeddable":true,"href":"https:\/\/www.europesays.com\/fr\/wp-json\/wp\/v2\/tags?post=635272"}],"curies":[{"name":"wp","href":"https:\/\/api.w.org\/{rel}","templated":true}]}}