{"id":635276,"date":"2026-01-02T01:18:14","date_gmt":"2026-01-02T01:18:14","guid":{"rendered":"https:\/\/www.europesays.com\/fr\/635276\/"},"modified":"2026-01-02T01:18:14","modified_gmt":"2026-01-02T01:18:14","slug":"sur-rtl-un-expert-en-cybersecurite-assure-quil-est-tres-probable-que-ce-soit-la-russie","status":"publish","type":"post","link":"https:\/\/www.europesays.com\/fr\/635276\/","title":{"rendered":"sur RTL, un expert en cybers\u00e9curit\u00e9 assure qu&rsquo;il est \u00ab\u00a0tr\u00e8s probable que ce soit la Russie\u00a0\u00bb"},"content":{"rendered":"<p class=\"article-p mdl\">\u00ab\u00a0Il est tr\u00e8s probable que ce soit la Russie. Mais aujourd&rsquo;hui, nous, on n&rsquo;en est pas s\u00fbr.\u00a0\u00bb Sur RTL,\u00a0Cl\u00e9ment David, expert en cybers\u00e9curit\u00e9 et en data et CEO de Theodo Cloud, revient sur\u00a0<a class=\"link\" href=\"https:\/\/www.rtl.fr\/actu\/economie-consommation\/nouvelle-cyberattaque-contre-la-poste-les-sites-sont-de-nouveau-accessibles-7900583923\" title=\"Nouvelle cyberattaque contre La Poste : les sites sont de nouveau accessibles\" target=\"_blank\" rel=\"noopener\">la nouvelle cyberattaque<\/a>\u00a0qui a touch\u00e9 les services de la Poste ce jeudi 1er janvier. Les\u00a0sites \u00e9t\u00e9 paralys\u00e9s une grande partie de la journ\u00e9e, seulement quelques jours apr\u00e8s\u00a0<a class=\"link\" href=\"https:\/\/www.rtl.fr\/actu\/economie-consommation\/une-cyberattaque-a-deux-jours-de-noel-les-sites-de-la-poste-la-banque-postale-et-colissimo-inaccessibles-7900581702\" title=\"Une cyberattaque \u00e0 deux jours de No\u00ebl : les sites de La Poste, La Banque Postale et Colissimo inaccessibles\" target=\"_blank\" rel=\"noopener\">une pr\u00e9c\u00e9dence attaque massive<\/a>\u00a0qui avait perturb\u00e9 le suivi des colis\u00a0<a class=\"link\" href=\"https:\/\/www.rtl.fr\/actu\/economie-consommation\/cyberattaque-contre-la-poste-allez-vous-recevoir-vos-colis-a-temps-le-point-sur-la-situation-a-la-veille-de-noel-7900581998\" title=\"Cyberattaque contre La Poste : allez-vous recevoir vos colis \u00e0 temps pour No\u00ebl ?\" target=\"_blank\" rel=\"noopener\">pendant la p\u00e9riode de No\u00ebl<\/a>.\u00a0<\/p>\n<p class=\"article-p mdl\">\u00ab\u00a0C&rsquo;est <strong>la continuit\u00e9<\/strong>, on est quasiment s\u00fbr de la premi\u00e8re attaque\u00a0\u00bb, assure Cl\u00e9ment David au micro de RTL, d\u00e9taillant : \u00ab\u00a0L\u00e0, l&rsquo;attaque dont ils sont victimes, il n&rsquo;y a pas d&rsquo;intrusion. Parce que souvent, quand on pense cyberattaque, les gens se disent\u00a0 &lsquo;Ah, on a vol\u00e9 des donn\u00e9es&rsquo;. L\u00e0, c&rsquo;est vraiment ce qu&rsquo;on appelle une <strong>attaque par d\u00e9ni de service<\/strong>.\u00a0\u00bb<\/p>\n<p class=\"article-p mdl\">Cela signifie que les hackers essaient \u00ab\u00a0simplement de faire en sorte que <strong>les services ne fonctionnent pas<\/strong>. (&#8230;) On n&#8217;emporte rien, on ne veut pas d&rsquo;argent, on ne veut pas de donn\u00e9es, on veut simplement <strong>d\u00e9stabiliser un service <\/strong>et \u00e9videmment les institutions qui sont derri\u00e8re\u00a0\u00bb.\u00a0<\/p>\n<p>            Un groupe de hackers prorusses ?\u00a0<\/p>\n<p class=\"article-p mdl\">La premi\u00e8re attaque contre La Poste\u00a0<a class=\"link\" href=\"https:\/\/www.rtl.fr\/actu\/justice-faits-divers\/un-groupe-de-hackers-prorusse-revendique-la-cyberattaque-contre-la-poste-7900582185\" title=\"Un groupe de hackers prorusse revendique la cyberattaque contre La Poste\" target=\"_blank\" rel=\"noopener\">avait \u00e9t\u00e9 revendiqu\u00e9e<\/a>\u00a0par\u00a0<strong>un groupe de hackers prorusses, NoName057(16)<\/strong>, responsable de multiples op\u00e9rations visant principalement l&rsquo;<a class=\"link\" href=\"https:\/\/www.rtl.fr\/actu\/international\/guerre-en-ukraine-zelensky-affirme-que-l-accord-de-paix-est-pret-a-90-et-qu-il-reste-10-jusqu-a-la-paix-7900583809\" title=\"Guerre en Ukraine : Zelensky affirme que &quot;l&#039;accord de paix est pr\u00eat \u00e0 90%&quot; et qu&#039;il reste &quot;10% jusqu&#039;\u00e0 la paix&quot;\" target=\"_blank\" rel=\"noopener\">Ukraine<\/a>\u00a0mais aussi ses alli\u00e9s, dont la France.\u00a0<\/p>\n<p class=\"article-p mdl\">Mais pour l&rsquo;expert\u00a0Cl\u00e9ment David, \u00ab\u00a0il faut faire tr\u00e8s attention quand on parle de cybers\u00e9curit\u00e9 parce que, que ce soient les gens qui sont attaqu\u00e9s ou les gens qui attaquent, on a souvent <strong>des informations peu fiables et tr\u00e8s peu claires<\/strong>. On sait que \u00e7a a \u00e9t\u00e9 revendiqu\u00e9 par NoName\u00a0\u00bb mais \u00ab\u00a0dans le monde de la cyber, on a quand m\u00eame trouv\u00e9 qu&rsquo;elle \u00e9tait <strong>un peu opportuniste cette revendication<\/strong>, elle \u00e9tait un peu tardive, elle \u00e9tait un petit peu molle\u00a0\u00bb.\u00a0<\/p>\n<p class=\"article-p mdl\">\u00ab\u00a0On n&rsquo;est pas absolument certain que c&rsquo;est eux. La plupart du temps, ces derni\u00e8res ann\u00e9es, quand \u00e7a arrive, <strong>\u00e7a vient de la Russie<\/strong>. \u00c7a sera probablement un \u00c9tat qui est derri\u00e8re parce que cette attaque, elle est longue. Elle n\u00e9cessite beaucoup d&rsquo;argent. S&rsquo;attaquer \u00e0 La Poste, ce n&rsquo;est pas facile, c&rsquo;est s\u00fbr qu&rsquo;il y a <strong>un soutien financier<\/strong>\u00a0\u00bb continue-t-il.<\/p>\n<p class=\"article-p mdl\">Avant de terminer : \u00ab\u00a0Il y a quand m\u00eame l&rsquo;unit\u00e9 nationale cyber et la DGSI qui sont saisies (sur l&rsquo;enqu\u00eate de la cyberattaque, NDLR). Ce n&rsquo;est pas pour rien. Il est <strong>tr\u00e8s probable que ce soit la Russie<\/strong>. Mais aujourd&rsquo;hui, nous, on n&rsquo;en est pas s\u00fbr.\u00a0\u00bb<\/p>\n<p class=\"article-p mdl\">Ce jeudi,\u00a0le nouvel incident, qui concernait de nombreux services en ligne li\u00e9s \u00e0 La Poste, comme le suivi des colis, le coffre-fort num\u00e9rique Digiposte ou l&rsquo;application de La Banque postale, a d\u00e9but\u00e9 jeudi vers 3h30 et s&rsquo;est achev\u00e9 vers 17h.\u00a0<\/p>\n<p>    La r\u00e9daction vous recommande<\/p>\n<p class=\"s-newsletter__title\">\n                L\u2019actualit\u00e9 par la r\u00e9daction de RTL dans votre bo\u00eete mail.\n            <\/p>\n<p class=\"s-newsletter__subtitle\">\n                Gr\u00e2ce \u00e0 votre compte RTL abonnez-vous \u00e0 la newsletter RTL info pour suivre toute l&rsquo;actualit\u00e9 au quotidien\n            <\/p>\n<p>\n                                    Lire la suite\n                                <\/p>\n","protected":false},"excerpt":{"rendered":"\u00ab\u00a0Il est tr\u00e8s probable que ce soit la Russie. Mais aujourd&rsquo;hui, nous, on n&rsquo;en est pas s\u00fbr.\u00a0\u00bb Sur&hellip;\n","protected":false},"author":2,"featured_media":635277,"comment_status":"","ping_status":"","sticky":false,"template":"","format":"standard","meta":{"footnotes":""},"categories":[1591],"tags":[11,1075,33,1887,107,3316,12,1885,1886,132,104,717],"class_list":{"0":"post-635276","1":"post","2":"type-post","3":"status-publish","4":"format-standard","5":"has-post-thumbnail","7":"category-russie","8":"tag-actualites","9":"tag-cybersecurite","10":"tag-economie","11":"tag-federation-de-russie","12":"tag-fil-info","13":"tag-la-poste","14":"tag-news","15":"tag-russia","16":"tag-russian-federation","17":"tag-russie","18":"tag-societe","19":"tag-technologie"},"share_on_mastodon":{"url":"https:\/\/pubeurope.com\/@fr\/115822874011996021","error":""},"_links":{"self":[{"href":"https:\/\/www.europesays.com\/fr\/wp-json\/wp\/v2\/posts\/635276","targetHints":{"allow":["GET"]}}],"collection":[{"href":"https:\/\/www.europesays.com\/fr\/wp-json\/wp\/v2\/posts"}],"about":[{"href":"https:\/\/www.europesays.com\/fr\/wp-json\/wp\/v2\/types\/post"}],"author":[{"embeddable":true,"href":"https:\/\/www.europesays.com\/fr\/wp-json\/wp\/v2\/users\/2"}],"replies":[{"embeddable":true,"href":"https:\/\/www.europesays.com\/fr\/wp-json\/wp\/v2\/comments?post=635276"}],"version-history":[{"count":0,"href":"https:\/\/www.europesays.com\/fr\/wp-json\/wp\/v2\/posts\/635276\/revisions"}],"wp:featuredmedia":[{"embeddable":true,"href":"https:\/\/www.europesays.com\/fr\/wp-json\/wp\/v2\/media\/635277"}],"wp:attachment":[{"href":"https:\/\/www.europesays.com\/fr\/wp-json\/wp\/v2\/media?parent=635276"}],"wp:term":[{"taxonomy":"category","embeddable":true,"href":"https:\/\/www.europesays.com\/fr\/wp-json\/wp\/v2\/categories?post=635276"},{"taxonomy":"post_tag","embeddable":true,"href":"https:\/\/www.europesays.com\/fr\/wp-json\/wp\/v2\/tags?post=635276"}],"curies":[{"name":"wp","href":"https:\/\/api.w.org\/{rel}","templated":true}]}}