{"id":635281,"date":"2026-01-02T01:21:31","date_gmt":"2026-01-02T01:21:31","guid":{"rendered":"https:\/\/www.europesays.com\/fr\/635281\/"},"modified":"2026-01-02T01:21:31","modified_gmt":"2026-01-02T01:21:31","slug":"record-de-traversees-de-la-manche-en-2025-malgre-les-mesures-du-gouvernement-britannique","status":"publish","type":"post","link":"https:\/\/www.europesays.com\/fr\/635281\/","title":{"rendered":"record de travers\u00e9es de la Manche en 2025 malgr\u00e9 les mesures du gouvernement britannique"},"content":{"rendered":"<p>Selon les derni\u00e8res donn\u00e9es officielles disponibles mercredi, entre le 1er\u00a0janvier et le 30\u00a0d\u00e9cembre, 41\u00a0472\u00a0personnes ont rejoint les c\u00f4tes anglaises apr\u00e8s avoir entrepris la p\u00e9rilleuse travers\u00e9e depuis la France. Ce chiffre est d\u2019ores et d\u00e9j\u00e0 le plus \u00e9lev\u00e9 apr\u00e8s celui enregistr\u00e9 en 2022 (45\u00a0774 arriv\u00e9es), ann\u00e9e record depuis le d\u00e9but du ph\u00e9nom\u00e8ne en 2018. Ces travers\u00e9es occasionnent de nombreux naufrages. Au moins 29 migrants sont morts en mer pendant l\u2019ann\u00e9e \u00e9coul\u00e9e, selon un comptage effectu\u00e9 par l\u2019AFP \u00e0 partir de sources officielles fran\u00e7aises et britanniques.<\/p>\n<p>Mont\u00e9e du parti Reform UK <\/p>\n<p>La hausse du nombre des arriv\u00e9es est une mauvaise nouvelle pour le gouvernement de Keir Starmer, qui a pris ses fonctions en juillet 2024 et est confront\u00e9 \u00e0 la mont\u00e9e du parti anti-immigration Reform UK de Nigel Farage. Ce dernier caracole en t\u00eate des sondages d\u2019opinion depuis plusieurs mois et compte capitaliser sur l\u2019impopularit\u00e9 de l\u2019ex\u00e9cutif pour engranger de nouveaux succ\u00e8s aux \u00e9lections locales de mai prochain. <\/p>\n<p>\u00ab\u00a0Si nous r\u00e9ussissons (lors de ce scrutin), nous continuerons sur notre lanc\u00e9e et remporterons les \u00e9lections\u00a0\u00bb l\u00e9gislatives &#8211; pr\u00e9vues au plus tard pour 2029 -, a lanc\u00e9 Nigel Farage mercredi \u00e0 l\u2019occasion de son message de nouvel an. Le pr\u00e9c\u00e9dent gouvernement, celui conservateur de Rishi Sunak, avait promis, sans succ\u00e8s, d&rsquo;\u00ab\u00a0arr\u00eater les bateaux\u00a0\u00bb. Keir Starmer s\u2019est quant \u00e0 lui engag\u00e9 \u00e0 \u00ab\u00a0d\u00e9manteler les gangs\u00a0\u00bb de passeurs, sans plus de r\u00e9sultats jusqu\u2019\u00e0 pr\u00e9sent.<\/p>\n<p>Quelles mesures mises en place\u00a0?<\/p>\n<p>L\u2019ex\u00e9cutif travailliste a annonc\u00e9 une s\u00e9rie de mesures restrictives en mati\u00e8re d\u2019immigration et de droit d\u2019asile, alors que les demandes d\u2019asile ont atteint un niveau record, plus de 110\u00a0000 sur la p\u00e9riode octobre 2024-septembre 2025. Il a conclu l\u2019\u00e9t\u00e9 dernier avec la France<a href=\"https:\/\/www.sudouest.fr\/international\/europe\/royaume-uni\/crise-migratoire-keir-starmer-annonce-un-accord-pour-un-echange-de-migrants-entre-le-royaume-uni-et-la-france-25204569.php\" target=\"_blank\" rel=\"follow noopener\"> un accord consistant \u00e0 renvoyer vers ce pays les migrants arriv\u00e9s par \u00ab\u00a0small boats\u00a0\u00bb<\/a>, en \u00e9change de l\u2019accueil par le Royaume-Uni, dans le cadre d\u2019une voie d\u2019admission l\u00e9gale, de migrants se trouvant sur le territoire fran\u00e7ais. Ce m\u00e9canisme, contest\u00e9 par les organisations de d\u00e9fense des droits humains, n\u2019a pour l\u2019instant pas dissuad\u00e9 les candidats aux travers\u00e9es. <\/p>\n<p>Il a jusqu\u2019ici d\u00e9bouch\u00e9 sur le retour forc\u00e9 vers la France de 153\u00a0personnes et l\u2019admission par le Royaume-Uni de 134 autres, selon les chiffres communiqu\u00e9s mercredi par le Home Office. \u00ab\u00a0Nous r\u00e9formons notre syst\u00e8me d\u2019immigration pour faciliter le renvoi de migrants ill\u00e9gaux qui n\u2019ont pas le droit d\u2019\u00eatre ici\u00a0\u00bb, a \u00e9crit le secr\u00e9taire d\u2019\u00c9tat charg\u00e9 de la s\u00e9curit\u00e9 des fronti\u00e8res, Alex Norris, dans un communiqu\u00e9. \u00ab\u00a0Notre message est clair\u00a0: si vous essayez de revenir au Royaume-Uni, vous serez renvoy\u00e9\u00a0\u00bb, a-t-il ajout\u00e9.<\/p>\n<p>\u00c9rythr\u00e9e, l\u2019Afghanistan&#8230;<\/p>\n<p>Les arriv\u00e9es par petits bateaux, qui ont commenc\u00e9 \u00e0 \u00eatre comptabilis\u00e9es en 2018 (il y en avait alors moins de 300), ont connu un pic en 2022, avant de d\u00e9cro\u00eetre en 2023 puis de repartir \u00e0 la hausse en 2024 (36\u00a0816). Les personnes qui font ces travers\u00e9es sont pour pr\u00e8s des trois quarts des hommes de plus de 18\u00a0ans. Leurs principaux pays d\u2019origine sont l\u2019\u00c9rythr\u00e9e, l\u2019Afghanistan, l\u2019Iran, le Soudan et la Somalie, selon des donn\u00e9es du minist\u00e8re britannique portant sur la p\u00e9riode octobre 2024-septembre 2025. <\/p>\n","protected":false},"excerpt":{"rendered":"Selon les derni\u00e8res donn\u00e9es officielles disponibles mercredi, entre le 1er\u00a0janvier et le 30\u00a0d\u00e9cembre, 41\u00a0472\u00a0personnes ont rejoint les c\u00f4tes&hellip;\n","protected":false},"author":2,"featured_media":635282,"comment_status":"","ping_status":"","sticky":false,"template":"","format":"standard","meta":{"footnotes":""},"categories":[1588],"tags":[11,1777,674,12,473,1853,1851,1850,1852],"class_list":{"0":"post-635281","1":"post","2":"type-post","3":"status-publish","4":"format-standard","5":"has-post-thumbnail","7":"category-royaume-uni","8":"tag-actualites","9":"tag-eu","10":"tag-europe","11":"tag-news","12":"tag-royaume-uni","13":"tag-royaume-uni-de-grande-bretagne-et-dirlande-du-nord","14":"tag-uk","15":"tag-united-kingdom","16":"tag-united-kingdom-of-great-britain-and-northern-ireland"},"share_on_mastodon":{"url":"https:\/\/pubeurope.com\/@fr\/115822885813003753","error":""},"_links":{"self":[{"href":"https:\/\/www.europesays.com\/fr\/wp-json\/wp\/v2\/posts\/635281","targetHints":{"allow":["GET"]}}],"collection":[{"href":"https:\/\/www.europesays.com\/fr\/wp-json\/wp\/v2\/posts"}],"about":[{"href":"https:\/\/www.europesays.com\/fr\/wp-json\/wp\/v2\/types\/post"}],"author":[{"embeddable":true,"href":"https:\/\/www.europesays.com\/fr\/wp-json\/wp\/v2\/users\/2"}],"replies":[{"embeddable":true,"href":"https:\/\/www.europesays.com\/fr\/wp-json\/wp\/v2\/comments?post=635281"}],"version-history":[{"count":0,"href":"https:\/\/www.europesays.com\/fr\/wp-json\/wp\/v2\/posts\/635281\/revisions"}],"wp:featuredmedia":[{"embeddable":true,"href":"https:\/\/www.europesays.com\/fr\/wp-json\/wp\/v2\/media\/635282"}],"wp:attachment":[{"href":"https:\/\/www.europesays.com\/fr\/wp-json\/wp\/v2\/media?parent=635281"}],"wp:term":[{"taxonomy":"category","embeddable":true,"href":"https:\/\/www.europesays.com\/fr\/wp-json\/wp\/v2\/categories?post=635281"},{"taxonomy":"post_tag","embeddable":true,"href":"https:\/\/www.europesays.com\/fr\/wp-json\/wp\/v2\/tags?post=635281"}],"curies":[{"name":"wp","href":"https:\/\/api.w.org\/{rel}","templated":true}]}}