{"id":635287,"date":"2026-01-02T01:24:13","date_gmt":"2026-01-02T01:24:13","guid":{"rendered":"https:\/\/www.europesays.com\/fr\/635287\/"},"modified":"2026-01-02T01:24:13","modified_gmt":"2026-01-02T01:24:13","slug":"creer-un-club-photo-universitaire-a-poitiers","status":"publish","type":"post","link":"https:\/\/www.europesays.com\/fr\/635287\/","title":{"rendered":"cr\u00e9er un club photo universitaire \u00e0 Poitiers"},"content":{"rendered":"<p>Quatre \u00e9tudiantes ont fond\u00e9 le Club photo de l\u2019<a target=\"_blank\" href=\"https:\/\/www.univ-poitiers.fr\/\" rel=\"noopener\">universit\u00e9 de Poitiers<\/a> en mai\u00a02025. Soutenues par deux enseignants, elles proposent plusieurs rendez-vous aux \u00e9tudiants et aux membres du personnel de l\u2019universit\u00e9&#8230;. <\/p>\n<p>    Cet article a \u00e9t\u00e9 tronqu\u00e9. Abonnez-vous pour lire l&rsquo;article complet sur notre site.<\/p>\n<p style=\"margin: 0 !important; padding: 0 !important; font-size: 12px !important;\">Cet article a \u00e9t\u00e9 tronqu\u00e9. Abonnez-vous pour lire l&rsquo;article complet.<\/p>\n<p>    <a href=\"https:\/\/www.lanouvellerepublique.fr\/abonnements\" style=\"display: inline-block; margin-top: 5px !important; padding: 6px 12px !important; background: #cb1c27; color: white; text-decoration: none; border-radius: 4px; font-size: 12px !important;\" target=\"_blank\" rel=\"noopener\"><br \/>\n      S&rsquo;abonner<br \/>\n    <\/a><\/p>\n","protected":false},"excerpt":{"rendered":"Quatre \u00e9tudiantes ont fond\u00e9 le Club photo de l\u2019universit\u00e9 de Poitiers en mai\u00a02025. Soutenues par deux enseignants, elles&hellip;\n","protected":false},"author":2,"featured_media":635288,"comment_status":"","ping_status":"","sticky":false,"template":"","format":"standard","meta":{"footnotes":""},"categories":[1586],"tags":[11,1777,674,1779,1011,27,1393,12,1653,25,1778,364,5768],"class_list":{"0":"post-635287","1":"post","2":"type-post","3":"status-publish","4":"format-standard","5":"has-post-thumbnail","7":"category-europe","8":"tag-actualites","9":"tag-eu","10":"tag-europe","11":"tag-european-union","12":"tag-fr","13":"tag-france","14":"tag-loisirs","15":"tag-news","16":"tag-poitiers","17":"tag-republique-francaise","18":"tag-ue","19":"tag-union-europeenne","20":"tag-universite"},"share_on_mastodon":{"url":"https:\/\/pubeurope.com\/@fr\/115822897576971017","error":""},"_links":{"self":[{"href":"https:\/\/www.europesays.com\/fr\/wp-json\/wp\/v2\/posts\/635287","targetHints":{"allow":["GET"]}}],"collection":[{"href":"https:\/\/www.europesays.com\/fr\/wp-json\/wp\/v2\/posts"}],"about":[{"href":"https:\/\/www.europesays.com\/fr\/wp-json\/wp\/v2\/types\/post"}],"author":[{"embeddable":true,"href":"https:\/\/www.europesays.com\/fr\/wp-json\/wp\/v2\/users\/2"}],"replies":[{"embeddable":true,"href":"https:\/\/www.europesays.com\/fr\/wp-json\/wp\/v2\/comments?post=635287"}],"version-history":[{"count":0,"href":"https:\/\/www.europesays.com\/fr\/wp-json\/wp\/v2\/posts\/635287\/revisions"}],"wp:featuredmedia":[{"embeddable":true,"href":"https:\/\/www.europesays.com\/fr\/wp-json\/wp\/v2\/media\/635288"}],"wp:attachment":[{"href":"https:\/\/www.europesays.com\/fr\/wp-json\/wp\/v2\/media?parent=635287"}],"wp:term":[{"taxonomy":"category","embeddable":true,"href":"https:\/\/www.europesays.com\/fr\/wp-json\/wp\/v2\/categories?post=635287"},{"taxonomy":"post_tag","embeddable":true,"href":"https:\/\/www.europesays.com\/fr\/wp-json\/wp\/v2\/tags?post=635287"}],"curies":[{"name":"wp","href":"https:\/\/api.w.org\/{rel}","templated":true}]}}