{"id":635306,"date":"2026-01-02T01:40:19","date_gmt":"2026-01-02T01:40:19","guid":{"rendered":"https:\/\/www.europesays.com\/fr\/635306\/"},"modified":"2026-01-02T01:40:19","modified_gmt":"2026-01-02T01:40:19","slug":"le-depart-de-nelly-lawson-alias-melody-est-il-definitif","status":"publish","type":"post","link":"https:\/\/www.europesays.com\/fr\/635306\/","title":{"rendered":"Le d\u00e9part de Nelly Lawson, alias M\u00e9lody est-il d\u00e9finitif ?"},"content":{"rendered":"<p>Publi\u00e9 le 1 janvier 2026 \u00e0 19:10 par Isaac Dumas <\/p>\n<p>L\u2019actrice Nelly Lawson, alias M\u00e9lody dans Demain nous appartient, tire sa r\u00e9v\u00e9rence ce jeudi 1er janvier. Si elle quitte S\u00e8te, son d\u00e9part est-il vraiment d\u00e9finitif ? Elle r\u00e9pond sans d\u00e9tour.<\/p>\n<p>\u00c0 lire plus tardSauvegard\u00e9Suivre #TF1#TF1 Suivi<\/p>\n<p class=\"first-paragraph\">Un d\u00e9part plein d\u2019\u00e9motion dans l\u2019\u00e9pisode du 1er janvier<\/p>\n<p>C\u2019est officiel : M\u00e9lody, le personnage incarn\u00e9 par Nelly Lawson, quitte<a href=\"https:\/\/www.ohmymag.com\/news\/series\/demain-nous-appartient-tf1-spoiler-resume-ce-qui-vous-attend-dans-l-episode-du-1er-janvier-2026_art176102.html\" target=\"_blank\" rel=\"noopener\">Demain nous appartient<\/a>dans l\u2019\u00e9pisode diffus\u00e9 ce jeudi 1er janvier sur TF1. Apr\u00e8s des mois d\u2019intrigues, la prof de sport part de S\u00e8te seule, sans son fils Bastien, apr\u00e8s sa rupture avec Georges. Une sortie discr\u00e8te mais marquante pour les fans.<\/p>\n<p>\u00ab\u00a0Je suis tr\u00e8s occup\u00e9e\u2026 mais \u00e7a fait un pincement\u00a0\u00bb<\/p>\n<p>Quelques semaines apr\u00e8s la fin du tournage, Nelly Lawson confie qu\u2019elle vit bien cette parenth\u00e8se. \u00ab\u00a0Pour le moment, je suis tr\u00e8s occup\u00e9e, donc j\u2019avoue que je n\u2019y pense pas trop\u00a0\u00bb, dit-elle. Mais l\u2019\u00e9motion n\u2019est pas loin : \u00ab\u00a0Quand je vois les messages des fans ou les intrigues passer, \u00e7a fait un petit pincement.\u00a0\u00bb<\/p>\n<p>Des liens forts avec l\u2019\u00e9quipe de tournage<\/p>\n<p>L\u2019aventure Demain nous appartient a laiss\u00e9 une trace profonde chez l\u2019actrice. \u00ab\u00a0Ces gens m\u2019ont marqu\u00e9e. Je vais les garder dans ma vie\u00a0\u00bb, affirme-t-elle. Elle continue d\u2019\u00e9changer avec plusieurs coll\u00e8gues, et esp\u00e8re les revoir bient\u00f4t, que ce soit \u00e0 Paris ou dans le sud, o\u00f9 elle a de la famille.<\/p>\n<p>Un retour dans la s\u00e9rie ? La porte reste entrouverte<\/p>\n<p>Faut-il consid\u00e9rer son d\u00e9part comme d\u00e9finitif ? \u00ab\u00a0Rien n\u2019est pr\u00e9vu pour le moment\u00a0\u00bb, r\u00e9pond Nelly Lawson. \u00ab\u00a0Mais cela reste ouvert.\u00a0\u00bb L\u2019actrice souligne l\u2019excellente relation qu\u2019elle entretient avec la production. Autrement dit : un retour surprise de M\u00e9lody n\u2019est pas \u00e0 exclure dans les prochains mois.<\/p>\n<p>Une nouvelle aventure au th\u00e9\u00e2tre<\/p>\n<p>Nelly Lawson ne quitte pas la sc\u00e8ne artistique. Bien au contraire. D\u00e8s le 21 janvier 2026, elle sera \u00e0 l\u2019affiche de la pi\u00e8ce Willy Protagoras enferm\u00e9 dans les toilettes de Wajdi Mouawad, au Th\u00e9\u00e2tre National de La Colline \u00e0 Paris. La pi\u00e8ce sera jou\u00e9e jusqu\u2019au 8 mars. Une nouvelle \u00e9tape artistique pour une com\u00e9dienne en pleine ascension.<\/p>\n<p>A lire aussi :<\/p>\n<p><a href=\"https:\/\/www.ohmymag.com\/news\/series\/demain-nous-appartient-en-avance-tf1-ce-qui-vous-attend-la-semaine-du-29-decembre-2025-au-2-janvier-2026_art175789.html\" target=\"_blank\" rel=\"noopener\">Demain nous appartient en avance (TF1) : ce qui vous attend la semaine du 29 d\u00e9cembre 2025 au 2 janvier 2026<\/a><\/p>\n<p><a href=\"https:\/\/www.ohmymag.com\/people\/actu-people\/noemie-pontreau-alias-sofia-lactrice-de-demain-nous-appartient-est-elle-en-couple_art175779.html\" target=\"_blank\" rel=\"noopener\">No\u00e9mie Pontreau alias Sofia : l\u2019actrice de Demain nous appartient est-elle en couple ?<\/a><\/p>\n<p><a href=\"https:\/\/www.ohmymag.com\/news\/series\/demain-nous-appartient-tf1-spoiler-resume-ce-qui-vous-attend-dans-l-episode-du-25-decembre-2025_art175688.html\" target=\"_blank\" rel=\"noopener\">Demain nous appartient (TF1) : spoiler, r\u00e9sum\u00e9&#8230; ce qui vous attend dans l&rsquo;\u00e9pisode du 25 d\u00e9cembre 2025<\/a><\/p>\n","protected":false},"excerpt":{"rendered":"Publi\u00e9 le 1 janvier 2026 \u00e0 19:10 par Isaac Dumas L\u2019actrice Nelly Lawson, alias M\u00e9lody dans Demain nous&hellip;\n","protected":false},"author":2,"featured_media":635307,"comment_status":"","ping_status":"","sticky":false,"template":"","format":"standard","meta":{"footnotes":""},"categories":[1356],"tags":[3598,58,59,1011,27,252,199,1364],"class_list":{"0":"post-635306","1":"post","2":"type-post","3":"status-publish","4":"format-standard","5":"has-post-thumbnail","7":"category-television","8":"tag-demain-nous-appartient","9":"tag-divertissement","10":"tag-entertainment","11":"tag-fr","12":"tag-france","13":"tag-television","14":"tag-tf1","15":"tag-tv"},"share_on_mastodon":{"url":"https:\/\/pubeurope.com\/@fr\/115822960716014892","error":""},"_links":{"self":[{"href":"https:\/\/www.europesays.com\/fr\/wp-json\/wp\/v2\/posts\/635306","targetHints":{"allow":["GET"]}}],"collection":[{"href":"https:\/\/www.europesays.com\/fr\/wp-json\/wp\/v2\/posts"}],"about":[{"href":"https:\/\/www.europesays.com\/fr\/wp-json\/wp\/v2\/types\/post"}],"author":[{"embeddable":true,"href":"https:\/\/www.europesays.com\/fr\/wp-json\/wp\/v2\/users\/2"}],"replies":[{"embeddable":true,"href":"https:\/\/www.europesays.com\/fr\/wp-json\/wp\/v2\/comments?post=635306"}],"version-history":[{"count":0,"href":"https:\/\/www.europesays.com\/fr\/wp-json\/wp\/v2\/posts\/635306\/revisions"}],"wp:featuredmedia":[{"embeddable":true,"href":"https:\/\/www.europesays.com\/fr\/wp-json\/wp\/v2\/media\/635307"}],"wp:attachment":[{"href":"https:\/\/www.europesays.com\/fr\/wp-json\/wp\/v2\/media?parent=635306"}],"wp:term":[{"taxonomy":"category","embeddable":true,"href":"https:\/\/www.europesays.com\/fr\/wp-json\/wp\/v2\/categories?post=635306"},{"taxonomy":"post_tag","embeddable":true,"href":"https:\/\/www.europesays.com\/fr\/wp-json\/wp\/v2\/tags?post=635306"}],"curies":[{"name":"wp","href":"https:\/\/api.w.org\/{rel}","templated":true}]}}