{"id":63531,"date":"2025-04-30T04:54:08","date_gmt":"2025-04-30T04:54:08","guid":{"rendered":"https:\/\/www.europesays.com\/fr\/63531\/"},"modified":"2025-04-30T04:54:08","modified_gmt":"2025-04-30T04:54:08","slug":"%f0%9f%94%b4-ukraine-meta-ai-samsung-en-bonne-forme-lessentiel-de-lactualite-ce-mercredi-30-avril","status":"publish","type":"post","link":"https:\/\/www.europesays.com\/fr\/63531\/","title":{"rendered":"\ud83d\udd34 Ukraine, Meta AI, Samsung en bonne forme&#8230; L&rsquo;essentiel de l&rsquo;actualit\u00e9 ce mercredi 30 avril"},"content":{"rendered":"<p>Ukraine : Trump menace encore une fois de jeter l&rsquo;\u00e9ponge<\/p>\n<p><strong>Agacement<\/strong>. Se montrant de plus en plus agac\u00e9s, les \u00c9tats-Unis ont exhort\u00e9 mardi soir la Russie et l&rsquo;Ukraine \u00e0 faire des \u00ab\u202fpropositions concr\u00e8tes\u202f\u00bb en vue de mettre fin \u00e0 la guerre. <strong>Faute de quoi ils cesseront leur m\u00e9diation<\/strong>. De son c\u00f4t\u00e9, le pr\u00e9sident ukrainien Volodymyr Zelensky a lui appel\u00e9 \u00e0 ne faire <strong>\u00ab\u202fcadeau\u202f\u00bb d&rsquo;aucun territoire<\/strong> \u00e0 son homologue russe Vladimir Poutine, alors que la reconnaissance de r\u00e9gions occup\u00e9es par Moscou semble \u00eatre envisag\u00e9e par Washington.<\/p>\n<p>Meta lance sa propre application d&rsquo;IA g\u00e9n\u00e9rative<\/p>\n<p><strong>La course \u00e0 l&rsquo;IA bat son plein<\/strong>. Meta a annonc\u00e9 mardi soir le lancement d&rsquo;un <strong>assistant d&rsquo;intelligence artificielle (IA) g\u00e9n\u00e9rative sous forme d&rsquo;application<\/strong>, distinct de ses r\u00e9seaux sociaux Facebook ou Instagram. Une \u00e9tape qui le fait entrer en <strong>concurrence frontale<\/strong> avec ChatGPT ou Gemini. Le groupe de Menlo Park (Californie) a d\u00e9j\u00e0 consacr\u00e9 des milliards de dollars au d\u00e9veloppement de l&rsquo;IA g\u00e9n\u00e9rative, mais se cantonnait jusqu&rsquo;ici \u00e0 l&rsquo;int\u00e9grer dans son \u00e9cosyst\u00e8me de r\u00e9seaux sociaux et messageries, sans proposer de produit s\u00e9par\u00e9.<\/p>\n<p>Samsung dans une excellente dynamique<\/p>\n<p><strong>Bonne tendance pour le g\u00e9ant sud-cor\u00e9en de la tech<\/strong>. Ce mercredi, Samsung Electronics a en effet publi\u00e9 un <strong>b\u00e9n\u00e9fice net en hausse de 21\u202f%<\/strong> au premier trimestre gr\u00e2ce \u00e0 des ventes records. Cependant, le groupe reste prudent du fait de la guerre commerciale lanc\u00e9e par Donald Trump. Entre janvier et mars, l&rsquo;entreprise a donc d\u00e9gag\u00e9 un b\u00e9n\u00e9fice net de <strong>8\u202f000 milliards de wons<\/strong> (4,9 milliards d&rsquo;euros). Son chiffre d&rsquo;affaires a augment\u00e9 de 10\u202f% \u00e0 79\u202f100 milliards de wons (48,6 milliards d&rsquo;euros).<\/p>\n<p>L&rsquo;activit\u00e9 manufacturi\u00e8re au ralenti au Chine<\/p>\n<p><strong>Pataugeage.<\/strong> L&rsquo;activit\u00e9 manufacturi\u00e8re en Chine s&rsquo;est contract\u00e9e en avril, apr\u00e8s avoir connu en mars son taux de croissance le plus \u00e9lev\u00e9 en un an, selon le Bureau national des statistiques chinoises. <strong>L&rsquo;indice des directeurs d&rsquo;achat (PMI)<\/strong>, barom\u00e8tre du monde industriel, s&rsquo;est donc \u00e9tabli <strong>\u00e0 49 en avril<\/strong>. En sachant qu&rsquo;un indice sup\u00e9rieur \u00e0 50 t\u00e9moigne d&rsquo;une croissance de l&rsquo;activit\u00e9 manufacturi\u00e8re et, en de\u00e7\u00e0, d&rsquo;une contraction.<\/p>\n<p>Les\u00ab\u202fpasseports dor\u00e9s\u202f\u00bbde Malte \u00e9pingl\u00e9s par l&rsquo;UE<\/p>\n<p>La Cour de justice de l&rsquo;Union europ\u00e9enne a estim\u00e9 que les \u00ab\u202fpasseports dor\u00e9s\u202f\u00bb de Malte \u00e9taient contraires aux r\u00e8gles de l&rsquo;UE. <strong>L&rsquo;\u00eele doit mettre fin \u00e0 son syst\u00e8me<\/strong> d&rsquo;octroi de la citoyennet\u00e9 maltaise aux \u00e9trangers &#8211; et donc du droit de vivre et de travailler partout dans l&rsquo;UE &#8211; en \u00e9change d&rsquo;un investissement de 1 million d&rsquo;euros (1,1 million de dollars). La Cour a d\u00e9clar\u00e9 que ce syst\u00e8me avait transform\u00e9 <strong>\u00ab\u202fl&rsquo;acquisition de la nationalit\u00e9 en une simple transaction commerciale\u202f\u00bb<\/strong>.<\/p>\n<p>\ud83d\udcc5\u00a0<strong>\u00c0 l&rsquo;agenda ce\u00a0mercredi<\/strong><\/p>\n<p><strong>7H30 |<\/strong> Croissance du 1er trimestre, France (Insee)<\/p>\n<p><strong>8H45 |<\/strong> Inflation, France (Insee)<\/p>\n<p><strong>12H30 |<\/strong> Collecte de l&rsquo;assurance-vie de mars (France assureurs)<\/p>\n<p>\ud83d\udcca<strong> R\u00e9sultats d&rsquo;entreprises<\/strong><\/p>\n<p><strong>R\u00e9sultats 1er trimestre<\/strong> :<\/p>\n<p>\u27a1\ufe0f\u00a0Air France-KLM,\u00a0ArcelorMittal, Cr\u00e9dit Agricole, Herm\u00e8s, Soci\u00e9t\u00e9 G\u00e9n\u00e9rale, TotalEnergies, Stellantis<\/p>\n<p><strong>10H |<\/strong> Casino : assembl\u00e9e g\u00e9n\u00e9rale<\/p>\n<p><strong>15H |\u00a0<\/strong>Renault : assembl\u00e9e g\u00e9n\u00e9rale<\/p>\n","protected":false},"excerpt":{"rendered":"Ukraine : Trump menace encore une fois de jeter l&rsquo;\u00e9ponge Agacement. Se montrant de plus en plus agac\u00e9s,&hellip;\n","protected":false},"author":2,"featured_media":63532,"comment_status":"","ping_status":"","sticky":false,"template":"","format":"standard","meta":{"footnotes":""},"categories":[1590],"tags":[17,11,16212,11690,33,1777,674,4988,15468,1016,12,612,220],"class_list":{"0":"post-63531","1":"post","2":"type-post","3":"status-publish","4":"format-standard","5":"has-post-thumbnail","7":"category-ukraine","8":"tag-17","9":"tag-actualites","10":"tag-ai","11":"tag-bonne","12":"tag-economie","13":"tag-eu","14":"tag-europe","15":"tag-forme","16":"tag-lessentiel","17":"tag-meta","18":"tag-news","19":"tag-samsung","20":"tag-ukraine"},"share_on_mastodon":{"url":"https:\/\/pubeurope.com\/@fr\/114425132789807372","error":""},"_links":{"self":[{"href":"https:\/\/www.europesays.com\/fr\/wp-json\/wp\/v2\/posts\/63531","targetHints":{"allow":["GET"]}}],"collection":[{"href":"https:\/\/www.europesays.com\/fr\/wp-json\/wp\/v2\/posts"}],"about":[{"href":"https:\/\/www.europesays.com\/fr\/wp-json\/wp\/v2\/types\/post"}],"author":[{"embeddable":true,"href":"https:\/\/www.europesays.com\/fr\/wp-json\/wp\/v2\/users\/2"}],"replies":[{"embeddable":true,"href":"https:\/\/www.europesays.com\/fr\/wp-json\/wp\/v2\/comments?post=63531"}],"version-history":[{"count":0,"href":"https:\/\/www.europesays.com\/fr\/wp-json\/wp\/v2\/posts\/63531\/revisions"}],"wp:featuredmedia":[{"embeddable":true,"href":"https:\/\/www.europesays.com\/fr\/wp-json\/wp\/v2\/media\/63532"}],"wp:attachment":[{"href":"https:\/\/www.europesays.com\/fr\/wp-json\/wp\/v2\/media?parent=63531"}],"wp:term":[{"taxonomy":"category","embeddable":true,"href":"https:\/\/www.europesays.com\/fr\/wp-json\/wp\/v2\/categories?post=63531"},{"taxonomy":"post_tag","embeddable":true,"href":"https:\/\/www.europesays.com\/fr\/wp-json\/wp\/v2\/tags?post=63531"}],"curies":[{"name":"wp","href":"https:\/\/api.w.org\/{rel}","templated":true}]}}