{"id":635315,"date":"2026-01-02T01:46:08","date_gmt":"2026-01-02T01:46:08","guid":{"rendered":"https:\/\/www.europesays.com\/fr\/635315\/"},"modified":"2026-01-02T01:46:08","modified_gmt":"2026-01-02T01:46:08","slug":"cest-definitivement-termine-pour-lapple-vision-pro-le-casque-de-realite-mixte-na-convaincu-personne-les-numeriques","status":"publish","type":"post","link":"https:\/\/www.europesays.com\/fr\/635315\/","title":{"rendered":"C&#039;est d\u00e9finitivement termin\u00e9 pour l&#039;Apple Vision Pro, le casque de r\u00e9alit\u00e9 mixte n&#039;a convaincu personne &#8211; Les Num\u00e9riques"},"content":{"rendered":"<ol>\n<li><a href=\"https:\/\/news.google.com\/rss\/articles\/CBMi_wFBVV95cUxPNnd4WXoyMXp5RDdvYzd6bm1WTzBqTkFJV29FMjBVd1ktb3RhSi1ySlpwejV1YUt3NlpZSEg3NjBndmx0cWRNMjFvOVJ3NnQzZW41ejRRT19nZWQ0eDZtZk13SHdJSGY0UnNFeW44TlZCaTZyV3BpNTRSamtYeHNla2NuZlpyaVJrTnQ1dUtQcXBMMnBEM0oxRDZQRDkyZ2FIMDEySlk4VExJVzlzRmNkRDFxRmg4ZEh4T1ZhOWt2dDJBNlFHNnV0NGk4ZUlLSU41OTR1WF9IblJmeHpMcGVIclBIZ2dabjg1TC1qcXRqZ0RIM0NxNVRXTXIxY1JIc0k?oc=5\" target=\"_blank\" rel=\"noopener\">C&rsquo;est d\u00e9finitivement termin\u00e9 pour l&rsquo;Apple Vision Pro, le casque de r\u00e9alit\u00e9 mixte n&rsquo;a convaincu personne<\/a>&nbsp;&nbsp;Les Num\u00e9riques<\/li>\n<li><a href=\"https:\/\/news.google.com\/rss\/articles\/CBMi0AFBVV95cUxQMVZWTjV2QVJ5alNGVDFIQzlYOGRmVzVqcVM3TF9IcG56Y3p1VHZDZ3JJTmlZRjVMWng0YTRFN3M2ZTRqTlFpTlQ4dWpIYzFPNjNia3o1SUNIX2xFV1hIUlg3Ylc2VF9yTmhWUktuMFdsYmJCMlBkbVpQRzFDUnphejJJa0tBS1FMb0M4ckJmYTRQSU5ic2dlbnBVeDRFcDdPQXVzWWlnNVZIazE4enJWdDFSOE44V05iZWpldDVyRS1QdzhrNW9mZUU4YUduVGJR?oc=5\" target=\"_blank\" rel=\"noopener\">Apr\u00e8s des ventes d\u00e9cevantes, Apple a r\u00e9duit la production de son casque Vision Pro<\/a>&nbsp;&nbsp;BFM<\/li>\n<li><a href=\"https:\/\/news.google.com\/rss\/articles\/CBMijAFBVV95cUxNSmtYYl9aUzROYWs1WWNZeDc3SjA1eGczWmUydHpUeUpfalR4cTdubEw1SnBwcVZRY1VxRTM4N24tUkV1bVd0amtLUTg1UHRvcGl3R3VuQ0h5bjhOeTVUczg0YXE3amcxNmNxdlZXSWloZGNocmdxYVBBaWp4RlpfQ2p3UmZFa1VEX2xwWA?oc=5\" target=\"_blank\" rel=\"noopener\">C\u2019est toujours la panade pour l\u2019Apple Vision Pro<\/a>&nbsp;&nbsp;01net.com<\/li>\n<li><a href=\"https:\/\/news.google.com\/rss\/articles\/CBMilgFBVV95cUxQbDh1ZHR1NkdaOVJRenVMWmJhQ0ZfNktuem0wOHF4QWhSclpLUUYyVWpjejVsYXhwZFV4a0VrQVZPTldWNUZ1X3Z2LVFNbzJnVjdyREtHTVRsMFQ2OFJ1VTlFLXB6XzY3dFg2Mm4tYjMxR2c3TEN6OWtlQmlrSkdyS3N0Nm5mOEdrN0JwdEtyVzJvcmVvZUE?oc=5\" target=\"_blank\" rel=\"noopener\">Test Apple Vision Pro M5 : la r\u00e9alit\u00e9 augment\u00e9e sous le signe du confort<\/a>&nbsp;&nbsp;Les Num\u00e9riques<\/li>\n<li><a href=\"https:\/\/news.google.com\/rss\/articles\/CBMi5wFBVV95cUxNU3c2Q2lVZVN2WU1WRmtPbEFadjZfWXhWTWxCZHFSU25XNVVIS0s3YU5ISmpueVRWQ19OdVJKMXQwZW1qTEU3LU9YN1R4cWRTTC1jX3BFZjViZDcyMVppcEcyd0FuMEhVR2R3Um84ZW1FUllRazNpdjAzYTNHczJZRzRQZmJhVmoyRklYS2JTb2dkZUs4c1dGR2tRLXNDWjlVUkxzalNCMDljcjczaG1UOXJFcHlwM2h5S2NfS2xLcENqZnVyTFBFN3JOX2ZnN1JkUEVJVEI5S2Q3cUd2cWhqOEpjcWk3RkE?oc=5\" target=\"_blank\" rel=\"noopener\">Vision Pro : malgr\u00e9 un nouveau mod\u00e8le, Apple reste dans l\u2019impasse<\/a>&nbsp;&nbsp;MSN<\/li>\n<\/ol>\n","protected":false},"excerpt":{"rendered":"C&rsquo;est d\u00e9finitivement termin\u00e9 pour l&rsquo;Apple Vision Pro, le casque de r\u00e9alit\u00e9 mixte n&rsquo;a convaincu personne&nbsp;&nbsp;Les Num\u00e9riques Apr\u00e8s des&hellip;\n","protected":false},"author":2,"featured_media":395849,"comment_status":"","ping_status":"","sticky":false,"template":"","format":"standard","meta":{"footnotes":""},"categories":[7],"tags":[1011,27,43,40,41,39,42,44],"class_list":{"0":"post-635315","1":"post","2":"type-post","3":"status-publish","4":"format-standard","5":"has-post-thumbnail","7":"category-sciences-et-technologies","8":"tag-fr","9":"tag-france","10":"tag-science","11":"tag-science-and-technology","12":"tag-sciences","13":"tag-sciences-et-technologies","14":"tag-technologies","15":"tag-technology"},"share_on_mastodon":{"url":"https:\/\/pubeurope.com\/@fr\/115822984156318082","error":""},"_links":{"self":[{"href":"https:\/\/www.europesays.com\/fr\/wp-json\/wp\/v2\/posts\/635315","targetHints":{"allow":["GET"]}}],"collection":[{"href":"https:\/\/www.europesays.com\/fr\/wp-json\/wp\/v2\/posts"}],"about":[{"href":"https:\/\/www.europesays.com\/fr\/wp-json\/wp\/v2\/types\/post"}],"author":[{"embeddable":true,"href":"https:\/\/www.europesays.com\/fr\/wp-json\/wp\/v2\/users\/2"}],"replies":[{"embeddable":true,"href":"https:\/\/www.europesays.com\/fr\/wp-json\/wp\/v2\/comments?post=635315"}],"version-history":[{"count":0,"href":"https:\/\/www.europesays.com\/fr\/wp-json\/wp\/v2\/posts\/635315\/revisions"}],"wp:featuredmedia":[{"embeddable":true,"href":"https:\/\/www.europesays.com\/fr\/wp-json\/wp\/v2\/media\/395849"}],"wp:attachment":[{"href":"https:\/\/www.europesays.com\/fr\/wp-json\/wp\/v2\/media?parent=635315"}],"wp:term":[{"taxonomy":"category","embeddable":true,"href":"https:\/\/www.europesays.com\/fr\/wp-json\/wp\/v2\/categories?post=635315"},{"taxonomy":"post_tag","embeddable":true,"href":"https:\/\/www.europesays.com\/fr\/wp-json\/wp\/v2\/tags?post=635315"}],"curies":[{"name":"wp","href":"https:\/\/api.w.org\/{rel}","templated":true}]}}