{"id":635324,"date":"2026-01-02T01:53:09","date_gmt":"2026-01-02T01:53:09","guid":{"rendered":"https:\/\/www.europesays.com\/fr\/635324\/"},"modified":"2026-01-02T01:53:09","modified_gmt":"2026-01-02T01:53:09","slug":"il-sen-va-et-revele-pourquoi-il-a-tourne-dos-a-saint-etienne","status":"publish","type":"post","link":"https:\/\/www.europesays.com\/fr\/635324\/","title":{"rendered":"Il s&rsquo;en va et r\u00e9v\u00e8le pourquoi il a tourn\u00e9 dos \u00e0 Saint-\u00c9tienne"},"content":{"rendered":"<p>Afficher l\u2019index Masquer l\u2019index <\/p>\n<p>Form\u00e9 \u00e0 l\u2019<strong>ASSE<\/strong>, adul\u00e9 puis siffl\u00e9, <strong>Baf\u00e9timi Gomis<\/strong> a longtemps port\u00e9 en lui cette histoire sensible entre deux rives ennemies. Des ann\u00e9es plus tard, l\u2019ancien <strong>Vert<\/strong> assume, explique et \u00e9claire un choix qui continue de faire parler.<\/p>\n<p>ASSE : Baf\u00e9timi Gomis, un enfant de L\u2019\u00c9trat forg\u00e9 par les valeurs st\u00e9phanoises\t<\/p>\n<p>Arriver \u00e0 14 ans au centre de formation de l\u2019ASSE, c\u2019est entrer dans une famille avant d\u2019entrer dans un club. Gomis s\u2019en souvient avec \u00e9motion : \u00ab Quand tu arrives \u00e0 14 ans \u00e0 Saint-\u00c9tienne, on \u00e9tait \u00e0 L\u2019\u00c9trat, \u00e0 l\u2019\u00e9poque c\u2019\u00e9tait neuf, c\u2019\u00e9tait magnifique pour un enfant qui a grandi dans les quartiers \u00bb. L\u2019AS Saint-Etienne, pour lui, n\u2019\u00e9tait pas une promesse de gloire mais une promesse d\u2019\u00e9ducation.<\/p>\n<p><strong>Lire aussi : <a href=\"https:\/\/www.foot-sur7.fr\/714869-asse-bafe-gomis-bientot-dirigeant-a-saint-etienne\" target=\"_blank\" rel=\"noopener\">ASSE : Baf\u00e9 Gomis bient\u00f4t dirigeant \u00e0 Saint-Etienne\u00a0?<\/a><\/strong><\/p>\n<p><a class=\"related-article simple\" href=\"https:\/\/www.foot-sur7.fr\/715140-mercato-psg-le-paris-sg-fonce-sur-une-star-de-la-can-2025\" target=\"_blank\" rel=\"noopener\">\u00c0 voirMercato PSG : Le Paris SG fonce sur une star de la CAN 2025<\/a><\/p>\n<p>Le discours du club marquera durablement l\u2019homme : \u00ab On ne peut pas vous promettre que \u00e7a va devenir un professionnel, mais on peut vous promettre que \u00e7a va devenir un homme avec des valeurs \u00bb, s\u2019en souvient-il au micro de Addict O Foot sur YouTube. Entraide, solidarit\u00e9, chaleur humaine : Gomis parle de Saint-\u00c9tienne comme d\u2019un creuset moral, parfois rugueux, mais profond\u00e9ment sinc\u00e8re.<\/p>\n<p>Pourquoi Lyon ? Le choix de la vie avant celui du derby<\/p>\n<p>Longtemps mal comprise, sa c\u00e9l\u00e9bration de la panth\u00e8re \u00e9tait tout sauf un affront. \u00ab Il y avait l\u2019envie de rendre un clin d\u2019\u0153il appuy\u00e9 \u00e0 Salif Keita, une l\u00e9gende du football africain \u00bb, explique-t-il. Plus qu\u2019un geste, un symbole. Gomis rappelle aussi que l\u2019embl\u00e8me historique de l\u2019ASSE \u00e9tait la panth\u00e8re. Un rappel culturel, presque patrimonial, loin des raccourcis faciles.<\/p>\n<p>La rupture, Gomis la raconte sans d\u00e9tour : \u00ab Saint-\u00c9tienne, c\u2019est une ville mini\u00e8re\u2026 Lyon, c\u2019est une belle ville. J\u2019ai grandi \u00e0 Saint-\u00c9tienne, mais je suis devenu un homme \u00e0 Lyon \u00bb. Une phrase forte, presque d\u00e9finitive, qui dit tout du chemin parcouru. La famille, les rep\u00e8res, la stabilit\u00e9 : \u00ab J\u2019ai eu un enfant \u00e0 Lyon, j\u2019ai voulu construire ma vie de famille ici \u00bb, ajoute-t-il. Derri\u00e8re le transfert, il y a un homme qui choisit son quotidien autant que son ambition.<\/p>\n<p>L\u2019ambition d\u2019un vestiaire champion et l\u2019exigence comme moteur<\/p>\n<p>Sportivement, le pas \u00e9tait immense. \u00ab Passer de Saint-\u00c9tienne \u00e0 Lyon ? C\u2019est l\u2019ambition \u00bb, assume Gomis. \u00c0 l\u2019\u00e9poque, l\u2019OL domine tout, encha\u00eene les titres, respire la Ligue des champions. \u00ab Lyon repr\u00e9sentait le plus grand club fran\u00e7ais, l\u2019\u00e9quivalent du PSG aujourd\u2019hui \u00bb, clarifie l\u2019ancien international fran\u00e7ais.<\/p>\n<p>Mais le prix \u00e0 payer est lourd : \u00ab Quand tu viens de Saint-\u00c9tienne, on est moins patient avec toi \u00bb. Cette duret\u00e9, Gomis l\u2019a transform\u00e9e en carburant. R\u00e9sultat : r\u00e9gularit\u00e9, efficacit\u00e9, et une adoption progressive. \u00ab Aujourd\u2019hui, si je vis \u00e0 Lyon, c\u2019est qu\u2019ils m\u2019ont d\u00e9finitivement adopt\u00e9 \u00bb, t\u00e9moigne l\u2019ancien footballeur. Comme quoi, m\u00eame les plus grandes rivalit\u00e9s peuvent finir par s\u2019incliner devant la constance.<\/p>\n<p>Lire aussi sur l\u2019ASSE :<\/p>\n<p><a href=\"https:\/\/www.foot-sur7.fr\/715129-mercato-asse-forte-concurrence-pour-raykkonen\" target=\"_blank\" rel=\"noopener\"><strong>Mercato ASSE : Forte concurrence pour Raykkonen<\/strong><\/a><\/p>\n<p><a class=\"related-article simple\" href=\"https:\/\/www.foot-sur7.fr\/715144-om-cest-officiel-hamed-junior-traore-debarque-au-qatar\" target=\"_blank\" rel=\"noopener\">\u00c0 voirOM : C\u2019est officiel ! Hamed Junior Traor\u00e9 d\u00e9barque au Qatar<\/a><\/p>\n<p><a href=\"https:\/\/www.foot-sur7.fr\/715056-lasse-parmi-les-favoris-pour-la-montee-en-ligue-1\" target=\"_blank\" rel=\"noopener\"><strong>L\u2019ASSE parmi les favoris pour la mont\u00e9e en Ligue 1 ?<\/strong><\/a><\/p>\n<p><a href=\"https:\/\/www.foot-sur7.fr\/714947-mercato-asse-une-pepite-bresilienne-surveillee\" target=\"_blank\" rel=\"noopener\"><strong>Mercato ASSE : Une p\u00e9pite br\u00e9silienne surveill\u00e9e de pr\u00e8s<\/strong><\/a><\/p>\n","protected":false},"excerpt":{"rendered":"Afficher l\u2019index Masquer l\u2019index Form\u00e9 \u00e0 l\u2019ASSE, adul\u00e9 puis siffl\u00e9, Baf\u00e9timi Gomis a longtemps port\u00e9 en lui cette&hellip;\n","protected":false},"author":2,"featured_media":619416,"comment_status":"","ping_status":"","sticky":false,"template":"","format":"standard","meta":{"footnotes":""},"categories":[9653],"tags":[1111,11,2430,1777,674,1011,27,12,25,4001],"class_list":{"0":"post-635324","1":"post","2":"type-post","3":"status-publish","4":"format-standard","5":"has-post-thumbnail","7":"category-saint-etienne","8":"tag-actu","9":"tag-actualites","10":"tag-auvergne-rhone-alpes","11":"tag-eu","12":"tag-europe","13":"tag-fr","14":"tag-france","15":"tag-news","16":"tag-republique-francaise","17":"tag-saint-etienne"},"share_on_mastodon":{"url":"https:\/\/pubeurope.com\/@fr\/115823011625137566","error":""},"_links":{"self":[{"href":"https:\/\/www.europesays.com\/fr\/wp-json\/wp\/v2\/posts\/635324","targetHints":{"allow":["GET"]}}],"collection":[{"href":"https:\/\/www.europesays.com\/fr\/wp-json\/wp\/v2\/posts"}],"about":[{"href":"https:\/\/www.europesays.com\/fr\/wp-json\/wp\/v2\/types\/post"}],"author":[{"embeddable":true,"href":"https:\/\/www.europesays.com\/fr\/wp-json\/wp\/v2\/users\/2"}],"replies":[{"embeddable":true,"href":"https:\/\/www.europesays.com\/fr\/wp-json\/wp\/v2\/comments?post=635324"}],"version-history":[{"count":0,"href":"https:\/\/www.europesays.com\/fr\/wp-json\/wp\/v2\/posts\/635324\/revisions"}],"wp:featuredmedia":[{"embeddable":true,"href":"https:\/\/www.europesays.com\/fr\/wp-json\/wp\/v2\/media\/619416"}],"wp:attachment":[{"href":"https:\/\/www.europesays.com\/fr\/wp-json\/wp\/v2\/media?parent=635324"}],"wp:term":[{"taxonomy":"category","embeddable":true,"href":"https:\/\/www.europesays.com\/fr\/wp-json\/wp\/v2\/categories?post=635324"},{"taxonomy":"post_tag","embeddable":true,"href":"https:\/\/www.europesays.com\/fr\/wp-json\/wp\/v2\/tags?post=635324"}],"curies":[{"name":"wp","href":"https:\/\/api.w.org\/{rel}","templated":true}]}}