{"id":635327,"date":"2026-01-02T02:01:11","date_gmt":"2026-01-02T02:01:11","guid":{"rendered":"https:\/\/www.europesays.com\/fr\/635327\/"},"modified":"2026-01-02T02:01:11","modified_gmt":"2026-01-02T02:01:11","slug":"previsions-du-vendredi-2-janvier-2026","status":"publish","type":"post","link":"https:\/\/www.europesays.com\/fr\/635327\/","title":{"rendered":"pr\u00e9visions du vendredi 2 janvier 2026"},"content":{"rendered":"<p>Aujourd&rsquo;hui, on pr\u00e9voit pour Montpellier des valeurs d&rsquo;environ 6\u00b0C. Le soleil appara\u00eet l\u00e9g\u00e8rement le matin. Ces \u00e9claircies devraient r\u00e9jouir les habitants. Les temp\u00e9ratures tourneront autour des 5\u00b0C. Un vent de nord soufflera l\u00e9g\u00e8rement, avec 5 km\/h. Le ciel sera nuageux dans l&rsquo;apr\u00e8s-midi. Les temp\u00e9ratures s&rsquo;\u00e9chelonneront entre 8 et 9\u00b0C. On pr\u00e9voit des \u00e9claircies pour cette soir\u00e9e. Le thermom\u00e8tre affichera 6\u00b0C en moyenne. Durant la nuit de vendredi \u00e0 samedi, le ciel sera d\u00e9pourvu de nuages.<\/p>\n<p>Demain, le vent va peu \u00e0 peu chasser la grisaille \u00e0 Montpellier. Le mercure va baisser de quelques degr\u00e9s. Les valeurs afficheront entre 1 et 7\u00b0C. Une l\u00e9g\u00e8re brise de nord-ouest sera ressentie par les habitants. Les Montpelli\u00e9rains vont avoir froid le matin : les temp\u00e9ratures ne vont pas d\u00e9passer 6\u00b0C. Les valeurs tourneront autour des 4\u00b0C. Les Montpelli\u00e9rains vont avoir froid demain apr\u00e8s-midi : les temp\u00e9ratures ne vont pas d\u00e9passer 7\u00b0C. Les valeurs seront comprises entre 4 et 7\u00b0C. Le temps devrait s&rsquo;am\u00e9liorer pendant la soir\u00e9e. Il fera en moyenne 3\u00b0C.<\/p>\n<p>La m\u00e9t\u00e9o des jours suivants va \u00e9voluer progressivement. La m\u00e9t\u00e9o persistera dimanche mais une d\u00e9gradation s&rsquo;ensuivra lundi.<\/p>\n<p><\/p>\n","protected":false},"excerpt":{"rendered":"Aujourd&rsquo;hui, on pr\u00e9voit pour Montpellier des valeurs d&rsquo;environ 6\u00b0C. Le soleil appara\u00eet l\u00e9g\u00e8rement le matin. Ces \u00e9claircies devraient&hellip;\n","protected":false},"author":2,"featured_media":635328,"comment_status":"","ping_status":"","sticky":false,"template":"","format":"standard","meta":{"footnotes":""},"categories":[9599],"tags":[1111,11,1777,674,1011,27,2208,12,2680,2119,25],"class_list":{"0":"post-635327","1":"post","2":"type-post","3":"status-publish","4":"format-standard","5":"has-post-thumbnail","7":"category-montpellier","8":"tag-actu","9":"tag-actualites","10":"tag-eu","11":"tag-europe","12":"tag-fr","13":"tag-france","14":"tag-montpellier","15":"tag-news","16":"tag-occitanie","17":"tag-previsions-meteo","18":"tag-republique-francaise"},"share_on_mastodon":{"url":"https:\/\/pubeurope.com\/@fr\/115823043191995676","error":""},"_links":{"self":[{"href":"https:\/\/www.europesays.com\/fr\/wp-json\/wp\/v2\/posts\/635327","targetHints":{"allow":["GET"]}}],"collection":[{"href":"https:\/\/www.europesays.com\/fr\/wp-json\/wp\/v2\/posts"}],"about":[{"href":"https:\/\/www.europesays.com\/fr\/wp-json\/wp\/v2\/types\/post"}],"author":[{"embeddable":true,"href":"https:\/\/www.europesays.com\/fr\/wp-json\/wp\/v2\/users\/2"}],"replies":[{"embeddable":true,"href":"https:\/\/www.europesays.com\/fr\/wp-json\/wp\/v2\/comments?post=635327"}],"version-history":[{"count":0,"href":"https:\/\/www.europesays.com\/fr\/wp-json\/wp\/v2\/posts\/635327\/revisions"}],"wp:featuredmedia":[{"embeddable":true,"href":"https:\/\/www.europesays.com\/fr\/wp-json\/wp\/v2\/media\/635328"}],"wp:attachment":[{"href":"https:\/\/www.europesays.com\/fr\/wp-json\/wp\/v2\/media?parent=635327"}],"wp:term":[{"taxonomy":"category","embeddable":true,"href":"https:\/\/www.europesays.com\/fr\/wp-json\/wp\/v2\/categories?post=635327"},{"taxonomy":"post_tag","embeddable":true,"href":"https:\/\/www.europesays.com\/fr\/wp-json\/wp\/v2\/tags?post=635327"}],"curies":[{"name":"wp","href":"https:\/\/api.w.org\/{rel}","templated":true}]}}