{"id":635333,"date":"2026-01-02T02:13:31","date_gmt":"2026-01-02T02:13:31","guid":{"rendered":"https:\/\/www.europesays.com\/fr\/635333\/"},"modified":"2026-01-02T02:13:31","modified_gmt":"2026-01-02T02:13:31","slug":"chelsea-rosenior-peut-il-vraiment-quitter-strasbourg-sports","status":"publish","type":"post","link":"https:\/\/www.europesays.com\/fr\/635333\/","title":{"rendered":"Chelsea : Rosenior peut-il vraiment quitter Strasbourg ? : Sports"},"content":{"rendered":"<p class=\"date\">\n                                                            Cl\u00e9ment P\u00e9dron, Media365 : publi\u00e9 le jeudi 01 janvier 2026 \u00e0 16h19\n                                                    <\/p>\n<p>Ce jeudi, les dirigeants de Chelsea ont d\u00e9cid\u00e9 de mettre fin aux fonctions d&rsquo;Enzo Maresca. Pour le remplacer, Liam Rosenior, entra\u00eeneur de Strasbourg, club tr\u00e8s proche des propri\u00e9taires de la formation anglaise, figure parmi les favoris.<\/p>\n<p>Les liens \u00e9troits entre Chelsea et Strasbourg, sous l&rsquo;\u00e9gide du consortium BlueCo vont-ils atteindre leur paroxysme ? Nous aurons notre r\u00e9ponse dans les jours \u00e0 venir. Ce jeudi, <a href=\"https:\/\/sports.orange.fr\/football\/angleterre\/chelsea\/article\/chelsea-maresca-n-est-plus-l-entraineur-des-blues-CNT000002mrqLg.html\" target=\"_blank\" rel=\"noopener\">le club anglais a annonc\u00e9 le licenciement de son entra\u00eeneur Enzo Maresca<\/a>, la faute \u00e0 une premi\u00e8re partie de saison en dents de scie avec notamment trois matchs sans victoire lors des trois derni\u00e8res sorties des Blues (deux nuls, une d\u00e9faite). Ces Blues n&rsquo;ont d&rsquo;ailleurs gagn\u00e9 qu&rsquo;un seul des sept derniers matchs de Premier League. Malgr\u00e9 un palmar\u00e8s tr\u00e8s correct pour une premi\u00e8re saison \u00e0 la t\u00eate d&rsquo;un club de cette stature (Ligue Conf\u00e9rence et Coupe du monde des clubs), Enzo Maresca n&rsquo;a pas surv\u00e9cu \u00e0 la d\u00e9licate dynamique de son \u00e9quipe.<\/p>\n<p>Maintenant que le si\u00e8ge \u00e9jectable a \u00e9t\u00e9 activ\u00e9, les dirigeants de BlueCo doivent se mettre en qu\u00eate d&rsquo;un successeur pour reprendre les r\u00eanes de l&rsquo;actuel 5\u00e8me du championnat \u00e0 15 points d&rsquo;Arsenal. Et au regard des (tr\u00e8s) nombreux mouvements et connexions entre Chelsea et Strasbourg d\u00fb aux propri\u00e9taires, la piste menant \u00e0 Liam Rosenior, le technicien anglais du RCSA, est plus que cr\u00e9dible.<\/p>\n<p>Le mouvement de trop ?<\/p>\n<p>D\u00e8s que le renvoi de l&rsquo;entra\u00eeneur espagnol a \u00e9t\u00e9 effectif, tous les regards se sont dirig\u00e9s vers l&rsquo;Alsace. La presse outre-Manche n&rsquo;a pas h\u00e9sit\u00e9 \u00e0 placer Liam Rosenior tout en haut de la liste, surtout si l&rsquo;on se r\u00e9f\u00e8re \u00e0 la hi\u00e9rarchie du groupe. Pour l&rsquo;heure, aucune inqui\u00e9tude \u00e0 avoir du c\u00f4t\u00e9 de Strasbourg apparemment. \u00ab\u00a0Ce n&rsquo;est pas d&rsquo;actualit\u00e9 \u00e0 ce stade\u00a0\u00bb, indique une source proche du club \u00e0 L&rsquo;\u00c9quipe, quand une autre indique de son c\u00f4t\u00e9 que \u00ab\u00a0selon , Rosenior n&rsquo;est pas sur la liste\u00a0\u00bb. Ceci \u00e9tant dit, il convient de garder en t\u00eate que le technicien strasbourgeois a toujours voulu entra\u00eener dans son pays et ce, m\u00eame s&rsquo;il s&rsquo;est engag\u00e9 sur le long terme avec le Racing (2028).<\/p>\n<p>Reste que la v\u00e9rit\u00e9 du jour n&rsquo;est pas celle du lendemain, surtout dans le milieu du football. En tous les cas, un tel mouvement <a href=\"https:\/\/sports.orange.fr\/football\/angleterre\/article\/premier-league-j19-chelsea-et-manchester-united-calent-CNT000002mqonL.html\" target=\"_blank\" rel=\"noopener\">entre Chelsea et Strasbourg <\/a>risque de ne pas tr\u00e8s bien passer aupr\u00e8s des supporters. Depuis l&rsquo;arriv\u00e9e de l&rsquo;actionnaire majoritaire au sein du club, les aficionados alsaciens ne cessent de multiplier les actions pour d\u00e9noncer la multipropri\u00e9t\u00e9. Un tel transfert pourrait d\u00e9clencher une sacr\u00e9e crise.<\/p>\n","protected":false},"excerpt":{"rendered":"Cl\u00e9ment P\u00e9dron, Media365 : publi\u00e9 le jeudi 01 janvier 2026 \u00e0 16h19 Ce jeudi, les dirigeants de Chelsea&hellip;\n","protected":false},"author":2,"featured_media":635334,"comment_status":"","ping_status":"","sticky":false,"template":"","format":"standard","meta":{"footnotes":""},"categories":[2820],"tags":[1111,11,1777,674,1011,27,775,12,25,640],"class_list":{"0":"post-635333","1":"post","2":"type-post","3":"status-publish","4":"format-standard","5":"has-post-thumbnail","7":"category-strasbourg","8":"tag-actu","9":"tag-actualites","10":"tag-eu","11":"tag-europe","12":"tag-fr","13":"tag-france","14":"tag-grand-est","15":"tag-news","16":"tag-republique-francaise","17":"tag-strasbourg"},"share_on_mastodon":{"url":"https:\/\/pubeurope.com\/@fr\/115823090217030474","error":""},"_links":{"self":[{"href":"https:\/\/www.europesays.com\/fr\/wp-json\/wp\/v2\/posts\/635333","targetHints":{"allow":["GET"]}}],"collection":[{"href":"https:\/\/www.europesays.com\/fr\/wp-json\/wp\/v2\/posts"}],"about":[{"href":"https:\/\/www.europesays.com\/fr\/wp-json\/wp\/v2\/types\/post"}],"author":[{"embeddable":true,"href":"https:\/\/www.europesays.com\/fr\/wp-json\/wp\/v2\/users\/2"}],"replies":[{"embeddable":true,"href":"https:\/\/www.europesays.com\/fr\/wp-json\/wp\/v2\/comments?post=635333"}],"version-history":[{"count":0,"href":"https:\/\/www.europesays.com\/fr\/wp-json\/wp\/v2\/posts\/635333\/revisions"}],"wp:featuredmedia":[{"embeddable":true,"href":"https:\/\/www.europesays.com\/fr\/wp-json\/wp\/v2\/media\/635334"}],"wp:attachment":[{"href":"https:\/\/www.europesays.com\/fr\/wp-json\/wp\/v2\/media?parent=635333"}],"wp:term":[{"taxonomy":"category","embeddable":true,"href":"https:\/\/www.europesays.com\/fr\/wp-json\/wp\/v2\/categories?post=635333"},{"taxonomy":"post_tag","embeddable":true,"href":"https:\/\/www.europesays.com\/fr\/wp-json\/wp\/v2\/tags?post=635333"}],"curies":[{"name":"wp","href":"https:\/\/api.w.org\/{rel}","templated":true}]}}