{"id":635337,"date":"2026-01-02T02:17:12","date_gmt":"2026-01-02T02:17:12","guid":{"rendered":"https:\/\/www.europesays.com\/fr\/635337\/"},"modified":"2026-01-02T02:17:12","modified_gmt":"2026-01-02T02:17:12","slug":"previsions-du-vendredi-2-janvier-2026-2","status":"publish","type":"post","link":"https:\/\/www.europesays.com\/fr\/635337\/","title":{"rendered":"pr\u00e9visions du vendredi 2 janvier 2026"},"content":{"rendered":"<p>\u00c0 Nantes, petits et grands pourront passer leur journ\u00e9e sous un ciel un peu nuageux. Les temp\u00e9ratures tourneront autour des 5\u00b0C. Les Nantais vont avoir froid le matin : les temp\u00e9ratures ne vont pas d\u00e9passer 7\u00b0C. Il va faire en moyenne 5\u00b0C. Une brise d&rsquo;ouest soufflera l\u00e9g\u00e8rement. Les Nantais vont avoir froid l&rsquo;apr\u00e8s-midi : les temp\u00e9ratures ne vont pas d\u00e9passer 9\u00b0C. Les valeurs seront comprises entre 5 et 9\u00b0C, un temps vraiment de saison. Le temps devrait s&rsquo;am\u00e9liorer pendant la soir\u00e9e. Une nuit claire vous attendra entre vendredi et samedi.<\/p>\n<p>Les plus frileux vont regretter l&rsquo;hiver puisque demain, les temp\u00e9ratures vont chuter de quelques degr\u00e9s \u00e0 Nantes. L&rsquo;hiver se fait sentir : les temp\u00e9ratures afficheront entre -2 et 5\u00b0C. Le matin, de l\u00e9gers nuages feront leur apparition. Un petit vent de nord-ouest sera ressenti par les habitants. L&rsquo;apr\u00e8s-midi va rester voil\u00e9 \u00e0 cause de nuages qui perdurent dans le ciel. Des pluies \u00e9parses vont tomber. Les valeurs s&rsquo;\u00e9chelonneront entre 1\u00b0C et 5\u00b0C, rappelant l&rsquo;hiver au bon souvenir des habitants. Le ciel va s&rsquo;\u00e9claircir au cours de la soir\u00e9e. Un vent de nord soufflera l\u00e9g\u00e8rement, avec 9 km\/h.<\/p>\n<p>Pour les jours \u00e0 venir, la m\u00e9t\u00e9o ne changera pas. Il va faire un temps plut\u00f4t ensoleill\u00e9 avec des temp\u00e9ratures d&rsquo;environ -3\u00b0C.<\/p>\n<p><\/p>\n","protected":false},"excerpt":{"rendered":"\u00c0 Nantes, petits et grands pourront passer leur journ\u00e9e sous un ciel un peu nuageux. Les temp\u00e9ratures tourneront&hellip;\n","protected":false},"author":2,"featured_media":635338,"comment_status":"","ping_status":"","sticky":false,"template":"","format":"standard","meta":{"footnotes":""},"categories":[2818],"tags":[1111,11,1777,674,1011,27,766,12,2636,2119,25],"class_list":{"0":"post-635337","1":"post","2":"type-post","3":"status-publish","4":"format-standard","5":"has-post-thumbnail","7":"category-nantes","8":"tag-actu","9":"tag-actualites","10":"tag-eu","11":"tag-europe","12":"tag-fr","13":"tag-france","14":"tag-nantes","15":"tag-news","16":"tag-pays-de-la-loire","17":"tag-previsions-meteo","18":"tag-republique-francaise"},"share_on_mastodon":{"url":"https:\/\/pubeurope.com\/@fr\/115823105991880557","error":""},"_links":{"self":[{"href":"https:\/\/www.europesays.com\/fr\/wp-json\/wp\/v2\/posts\/635337","targetHints":{"allow":["GET"]}}],"collection":[{"href":"https:\/\/www.europesays.com\/fr\/wp-json\/wp\/v2\/posts"}],"about":[{"href":"https:\/\/www.europesays.com\/fr\/wp-json\/wp\/v2\/types\/post"}],"author":[{"embeddable":true,"href":"https:\/\/www.europesays.com\/fr\/wp-json\/wp\/v2\/users\/2"}],"replies":[{"embeddable":true,"href":"https:\/\/www.europesays.com\/fr\/wp-json\/wp\/v2\/comments?post=635337"}],"version-history":[{"count":0,"href":"https:\/\/www.europesays.com\/fr\/wp-json\/wp\/v2\/posts\/635337\/revisions"}],"wp:featuredmedia":[{"embeddable":true,"href":"https:\/\/www.europesays.com\/fr\/wp-json\/wp\/v2\/media\/635338"}],"wp:attachment":[{"href":"https:\/\/www.europesays.com\/fr\/wp-json\/wp\/v2\/media?parent=635337"}],"wp:term":[{"taxonomy":"category","embeddable":true,"href":"https:\/\/www.europesays.com\/fr\/wp-json\/wp\/v2\/categories?post=635337"},{"taxonomy":"post_tag","embeddable":true,"href":"https:\/\/www.europesays.com\/fr\/wp-json\/wp\/v2\/tags?post=635337"}],"curies":[{"name":"wp","href":"https:\/\/api.w.org\/{rel}","templated":true}]}}