{"id":635343,"date":"2026-01-02T02:21:16","date_gmt":"2026-01-02T02:21:16","guid":{"rendered":"https:\/\/www.europesays.com\/fr\/635343\/"},"modified":"2026-01-02T02:21:16","modified_gmt":"2026-01-02T02:21:16","slug":"previsions-du-vendredi-2-janvier-2026-3","status":"publish","type":"post","link":"https:\/\/www.europesays.com\/fr\/635343\/","title":{"rendered":"pr\u00e9visions du vendredi 2 janvier 2026"},"content":{"rendered":"<p>Il fera 4\u00b0C en moyenne \u00e0 Toulouse aujourd&rsquo;hui. La m\u00e9t\u00e9o devrait s&rsquo;am\u00e9liorer pendant la matin\u00e9e. Les temp\u00e9ratures avoisineront les 3\u00b0C. Un petit vent de nord-est soufflera. L&rsquo;apr\u00e8s-midi, des nuages \u00e9mailleront le ciel, g\u00eanant ainsi l&rsquo;arriv\u00e9e du soleil. Le temps sera ponctu\u00e9 par des pluies \u00e9parses. L&rsquo;hiver sera bien au rendez-vous puisque les valeurs seront tout de m\u00eame de 5\u00b0C au plus bas et de 7\u00b0C au maximum. Les Toulousains vont avoir froid le soir : les temp\u00e9ratures ne vont pas d\u00e9passer 5\u00b0C. Le thermom\u00e8tre affichera 5\u00b0C en moyenne. C&rsquo;est un ciel d\u00e9pourvu de nuages que conna\u00eetra la nuit de vendredi \u00e0 samedi.<\/p>\n<p>Les plus frileux vont regretter l&rsquo;hiver puisque demain, les temp\u00e9ratures vont chuter de quelques degr\u00e9s \u00e0 Toulouse. On anticipe des temp\u00e9ratures avoisinant 2\u00b0C. Un vent de nord-ouest rafra\u00eechira sensiblement l&rsquo;atmosph\u00e8re. La ville profitera de quelques \u00e9claircies le matin. Il va faire en moyenne 3\u00b0C. Cet apr\u00e8s-midi rimera avec grand soleil. Les valeurs s&rsquo;\u00e9chelonneront entre 2 et 5\u00b0C, un temps vraiment de saison. Demain soir, apr\u00e8s quelques passages nuageux, le vent va progressivement \u00e9loigner la grisaille. Les temp\u00e9ratures afficheront entre 0\u00b0C et 1\u00b0C, rappelant l&rsquo;hiver au bon souvenir des habitants.<\/p>\n<p>Les jours s&rsquo;encha\u00eenent et ne changent pas. Des temp\u00e9ratures dans les -4\u00b0C iront de pair avec un ciel ensoleill\u00e9.<\/p>\n<p><\/p>\n","protected":false},"excerpt":{"rendered":"Il fera 4\u00b0C en moyenne \u00e0 Toulouse aujourd&rsquo;hui. La m\u00e9t\u00e9o devrait s&rsquo;am\u00e9liorer pendant la matin\u00e9e. Les temp\u00e9ratures avoisineront&hellip;\n","protected":false},"author":2,"featured_media":635344,"comment_status":"","ping_status":"","sticky":false,"template":"","format":"standard","meta":{"footnotes":""},"categories":[2816],"tags":[1111,11,1777,674,1011,27,12,2680,2119,25,2312],"class_list":{"0":"post-635343","1":"post","2":"type-post","3":"status-publish","4":"format-standard","5":"has-post-thumbnail","7":"category-toulouse","8":"tag-actu","9":"tag-actualites","10":"tag-eu","11":"tag-europe","12":"tag-fr","13":"tag-france","14":"tag-news","15":"tag-occitanie","16":"tag-previsions-meteo","17":"tag-republique-francaise","18":"tag-toulouse"},"share_on_mastodon":{"url":"https:\/\/pubeurope.com\/@fr\/115823121700245325","error":""},"_links":{"self":[{"href":"https:\/\/www.europesays.com\/fr\/wp-json\/wp\/v2\/posts\/635343","targetHints":{"allow":["GET"]}}],"collection":[{"href":"https:\/\/www.europesays.com\/fr\/wp-json\/wp\/v2\/posts"}],"about":[{"href":"https:\/\/www.europesays.com\/fr\/wp-json\/wp\/v2\/types\/post"}],"author":[{"embeddable":true,"href":"https:\/\/www.europesays.com\/fr\/wp-json\/wp\/v2\/users\/2"}],"replies":[{"embeddable":true,"href":"https:\/\/www.europesays.com\/fr\/wp-json\/wp\/v2\/comments?post=635343"}],"version-history":[{"count":0,"href":"https:\/\/www.europesays.com\/fr\/wp-json\/wp\/v2\/posts\/635343\/revisions"}],"wp:featuredmedia":[{"embeddable":true,"href":"https:\/\/www.europesays.com\/fr\/wp-json\/wp\/v2\/media\/635344"}],"wp:attachment":[{"href":"https:\/\/www.europesays.com\/fr\/wp-json\/wp\/v2\/media?parent=635343"}],"wp:term":[{"taxonomy":"category","embeddable":true,"href":"https:\/\/www.europesays.com\/fr\/wp-json\/wp\/v2\/categories?post=635343"},{"taxonomy":"post_tag","embeddable":true,"href":"https:\/\/www.europesays.com\/fr\/wp-json\/wp\/v2\/tags?post=635343"}],"curies":[{"name":"wp","href":"https:\/\/api.w.org\/{rel}","templated":true}]}}