{"id":635349,"date":"2026-01-02T02:27:20","date_gmt":"2026-01-02T02:27:20","guid":{"rendered":"https:\/\/www.europesays.com\/fr\/635349\/"},"modified":"2026-01-02T02:27:20","modified_gmt":"2026-01-02T02:27:20","slug":"le-niveau-information-recommandation-active-dans-le-rhone-et-la-metropole-de-lyon","status":"publish","type":"post","link":"https:\/\/www.europesays.com\/fr\/635349\/","title":{"rendered":"le niveau information-recommandation activ\u00e9 dans le Rh\u00f4ne et la M\u00e9tropole de Lyon"},"content":{"rendered":"<p>Selon la pr\u00e9fecture du Rh\u00f4ne, il s\u2019agit d\u2019une pollution de type combustion, li\u00e9e aux particules fines PM10. Face \u00e0 cette situation, la pr\u00e9f\u00e8te Fabienne Buccio a d\u00e9cid\u00e9 d\u2019activer le niveau information-recommandation pour l\u2019ensemble du d\u00e9partement du Rh\u00f4ne et de la M\u00e9tropole de Lyon.<\/p>\n<p>Aucune mesure contraignante n\u2019est toutefois mise en place \u00e0 ce stade.<\/p>\n<p>Les services de l&rsquo;Etat distinguent plusieurs niveaux de recommandations. Pour les populations vuln\u00e9rables, il est conseill\u00e9 de limiter les d\u00e9placements sur les grands axes routiers, notamment aux heures de pointe, et de r\u00e9duire les activit\u00e9s physiques intenses, qu\u2019elles se d\u00e9roulent en ext\u00e9rieur ou en int\u00e9rieur.<\/p>\n<p>Pour le reste de la population, les autorit\u00e9s indiquent qu\u2019il n\u2019est pas n\u00e9cessaire de modifier les activit\u00e9s habituelles, ni les d\u00e9placements quotidiens, ni les pratiques d\u2019a\u00e9ration et de ventilation des logements. En cas de sympt\u00f4mes ou d\u2019inqui\u00e9tude, il est recommand\u00e9 de solliciter l\u2019avis d\u2019un pharmacien.<\/p>\n<p>La pr\u00e9fecture rappelle \u00e9galement plusieurs recommandations comportementales destin\u00e9es \u00e0 limiter les \u00e9missions de polluants. Il est notamment pr\u00e9conis\u00e9 de cesser l\u2019utilisation des appareils de chauffage au bois d\u2019appoint anciens (inserts, po\u00eales ou chaudi\u00e8res install\u00e9s avant 2000) ainsi que des groupes \u00e9lectrog\u00e8nes.<\/p>\n<p>Les habitants sont invit\u00e9s \u00e0 ma\u00eetriser la temp\u00e9rature de leur logement, sans d\u00e9passer 19 \u00b0C, et \u00e0 privil\u00e9gier les modes de transport les moins polluants : v\u00e9lo, transports en commun ou covoiturage. Les entreprises peuvent, de leur c\u00f4t\u00e9, adapter les horaires de travail et faciliter le t\u00e9l\u00e9travail. Sur la route, l\u2019abaissement de la vitesse et l\u2019\u00e9vitement d\u2019une conduite agressive sont \u00e9galement recommand\u00e9s.<\/p>\n<p>Les recommandations s\u2019adressent \u00e9galement aux collectivit\u00e9s, aux agriculteurs et aux industriels, avec des incitations \u00e0 r\u00e9duire ou reporter certaines activit\u00e9s g\u00e9n\u00e9ratrices de poussi\u00e8res ou de particules, \u00e0 limiter le recours aux groupes \u00e9lectrog\u00e8nes et \u00e0 favoriser des pratiques moins polluantes.<\/p>\n<p>C&rsquo;est la seconde fois en quelques jours que le niveau information-recommandation est activ\u00e9 dans l&rsquo;agglom\u00e9ration. Ce fut le cas entre dimanche et mardi. Reste \u00e0 conna\u00eetre l&rsquo;\u00e9volution de cet \u00e9pisode.<\/p>\n","protected":false},"excerpt":{"rendered":"Selon la pr\u00e9fecture du Rh\u00f4ne, il s\u2019agit d\u2019une pollution de type combustion, li\u00e9e aux particules fines PM10. Face&hellip;\n","protected":false},"author":2,"featured_media":635350,"comment_status":"","ping_status":"","sticky":false,"template":"","format":"standard","meta":{"footnotes":""},"categories":[1889],"tags":[1111,11,2813,2190,2430,1109,251,1112,2811,1777,674,118,1011,27,1922,1110,1114,2428,2810,12,241,316,25,2812,517,800],"class_list":{"0":"post-635349","1":"post","2":"type-post","3":"status-publish","4":"format-standard","5":"has-post-thumbnail","7":"category-lyon","8":"tag-actu","9":"tag-actualites","10":"tag-article","11":"tag-asvel","12":"tag-auvergne-rhone-alpes","13":"tag-breves","14":"tag-culture","15":"tag-depeches","16":"tag-economique","17":"tag-eu","18":"tag-europe","19":"tag-faits-divers","20":"tag-fr","21":"tag-france","22":"tag-info","23":"tag-informations","24":"tag-infos","25":"tag-lyon","26":"tag-lyonmag","27":"tag-news","28":"tag-ol","29":"tag-politique","30":"tag-republique-francaise","31":"tag-sociale","32":"tag-sport","33":"tag-transports"},"share_on_mastodon":{"url":"https:\/\/pubeurope.com\/@fr\/115823145290568088","error":""},"_links":{"self":[{"href":"https:\/\/www.europesays.com\/fr\/wp-json\/wp\/v2\/posts\/635349","targetHints":{"allow":["GET"]}}],"collection":[{"href":"https:\/\/www.europesays.com\/fr\/wp-json\/wp\/v2\/posts"}],"about":[{"href":"https:\/\/www.europesays.com\/fr\/wp-json\/wp\/v2\/types\/post"}],"author":[{"embeddable":true,"href":"https:\/\/www.europesays.com\/fr\/wp-json\/wp\/v2\/users\/2"}],"replies":[{"embeddable":true,"href":"https:\/\/www.europesays.com\/fr\/wp-json\/wp\/v2\/comments?post=635349"}],"version-history":[{"count":0,"href":"https:\/\/www.europesays.com\/fr\/wp-json\/wp\/v2\/posts\/635349\/revisions"}],"wp:featuredmedia":[{"embeddable":true,"href":"https:\/\/www.europesays.com\/fr\/wp-json\/wp\/v2\/media\/635350"}],"wp:attachment":[{"href":"https:\/\/www.europesays.com\/fr\/wp-json\/wp\/v2\/media?parent=635349"}],"wp:term":[{"taxonomy":"category","embeddable":true,"href":"https:\/\/www.europesays.com\/fr\/wp-json\/wp\/v2\/categories?post=635349"},{"taxonomy":"post_tag","embeddable":true,"href":"https:\/\/www.europesays.com\/fr\/wp-json\/wp\/v2\/tags?post=635349"}],"curies":[{"name":"wp","href":"https:\/\/api.w.org\/{rel}","templated":true}]}}