{"id":635353,"date":"2026-01-02T02:30:29","date_gmt":"2026-01-02T02:30:29","guid":{"rendered":"https:\/\/www.europesays.com\/fr\/635353\/"},"modified":"2026-01-02T02:30:29","modified_gmt":"2026-01-02T02:30:29","slug":"le-plan-grand-froid-est-active-en-ile-de-france-un-sans-abri-serait-mort-de-froid","status":"publish","type":"post","link":"https:\/\/www.europesays.com\/fr\/635353\/","title":{"rendered":"Le plan grand froid est activ\u00e9 en \u00cele-de-France, un sans-abri serait mort de froid"},"content":{"rendered":"<p>Le plan grand froid est activ\u00e9 en \u00cele-de-France, un sans-abri serait mort de froidSur le m\u00eame sujet<a href=\"https:\/\/www.bfmtv.com\/societe\/video-a64-les-agriculteurs-mobilises-pour-le-reveillon_VN-202601010142.html\" title=\"A64: les agriculteurs mobilis\u00e9s pour le r\u00e9veillon \" target=\"_blank\" rel=\"noopener\"><img width=\"16\" height=\"9\" class=\"lozad\"  alt=\"A64: les agriculteurs mobilis\u00e9s pour le r\u00e9veillon \"\/>0:34A64: les agriculteurs mobilis\u00e9s pour le r\u00e9veillon<\/a><a href=\"https:\/\/www.bfmtv.com\/societe\/video-les-premiers-bebes-de-2026-ont-vu-le-jour-a-haguenau-bas-rhin_VN-202601010122.html\" title=\"Les premiers b\u00e9b\u00e9s de 2026 ont vu le jour \u00e0 Haguenau (Bas-Rhin)\" target=\"_blank\" rel=\"noopener\"><img width=\"16\" height=\"9\" class=\"lozad\"  alt=\"Les premiers b\u00e9b\u00e9s de 2026 ont vu le jour \u00e0 Haguenau (Bas-Rhin)\"\/>1:20Les premiers b\u00e9b\u00e9s de 2026 ont vu le jour \u00e0 Haguenau (Bas-Rhin)<\/a><a href=\"https:\/\/www.bfmtv.com\/societe\/video-vacances-week-ends-de-4-jours-nos-conseils-pour-optimiser-vos-conges-en-2026_VN-202601010110.html\" title=\"Vacances, week-ends de 4 jours...Nos conseils pour optimiser vos cong\u00e9s en 2026 \" target=\"_blank\" rel=\"noopener\"><img width=\"16\" height=\"9\" class=\"lozad\"  alt=\"Vacances, week-ends de 4 jours...Nos conseils pour optimiser vos cong\u00e9s en 2026 \"\/>1:11Vacances, week-ends de 4 jours&#8230;Nos conseils pour optimiser vos cong\u00e9s en 2026<\/a><a href=\"https:\/\/www.bfmtv.com\/societe\/video-alcool-au-volant-un-message-de-prevention-diffuse-sur-l-arc-de-triomphe-par-l-association-antoine-alleno_VN-202601010106.html\" title=\"Alcool au volant: un message de pr\u00e9vention diffus\u00e9 sur l&#039;Arc de Triomphe par l&#039;association Antoine All\u00e9no\" target=\"_blank\" rel=\"noopener\"><img width=\"16\" height=\"9\" class=\"lozad\"  alt=\"Alcool au volant: un message de pr\u00e9vention diffus\u00e9 sur l'Arc de Triomphe par l'association Antoine All\u00e9no\"\/>0:58Alcool au volant: un message de pr\u00e9vention diffus\u00e9 sur l&rsquo;Arc de Triomphe par l&rsquo;association Antoine All\u00e9no<\/a><a href=\"https:\/\/www.bfmtv.com\/societe\/video-l-interdiction-de-fumer-dans-les-domaines-skiables-est-elle-vraiment-respectee_VN-202601010086.html\" title=\"L&#039;interdiction de fumer dans les domaines skiables est-elle vraiment respect\u00e9e?\" target=\"_blank\" rel=\"noopener\"><img width=\"16\" height=\"9\" class=\"lozad\"  alt=\"L'interdiction de fumer dans les domaines skiables est-elle vraiment respect\u00e9e?\"\/>1:12L&rsquo;interdiction de fumer dans les domaines skiables est-elle vraiment respect\u00e9e?<\/a><a href=\"https:\/\/www.bfmtv.com\/societe\/video-bonne-annee-la-france-a-fete-le-passage-en-2026_VN-202601010070.html\" title=\"&quot;Bonne ann\u00e9e!&quot;: la France a f\u00eat\u00e9 le passage en 2026\" target=\"_blank\" rel=\"noopener\"><img width=\"16\" height=\"9\" class=\"lozad\"  alt=\"&quot;Bonne ann\u00e9e!&quot;: la France a f\u00eat\u00e9 le passage en 2026\"\/>1:25&Prime;Bonne ann\u00e9e!\u00a0\u00bb: la France a f\u00eat\u00e9 le passage en 2026<\/a><a href=\"https:\/\/www.bfmtv.com\/societe\/video-alcool-et-drogues-au-volant-plusieurs-controles-ont-lieu-avec-une-sensibilisation-particuliere-concernant-le-protoxyde-d-azote_VN-202601010063.html\" title=\"Alcool et drogues au volant: plusieurs contr\u00f4les ont lieu avec une sensibilisation particuli\u00e8re concernant le protoxyde d&#039;azote\" target=\"_blank\" rel=\"noopener\"><img width=\"16\" height=\"9\" class=\"lozad\"  alt=\"Alcool et drogues au volant: plusieurs contr\u00f4les ont lieu avec une sensibilisation particuli\u00e8re concernant le protoxyde d'azote\"\/>0:53Alcool et drogues au volant: plusieurs contr\u00f4les ont lieu avec une sensibilisation particuli\u00e8re concernant le protoxyde d&rsquo;azote<\/a><a href=\"https:\/\/www.bfmtv.com\/societe\/video-bfm-vous-souhaite-une-bonne-annee-2026_VN-202512310622.html\" title=\"BFM vous souhaite une bonne ann\u00e9e 2026 !  \" target=\"_blank\" rel=\"noopener\"><img width=\"16\" height=\"9\" class=\"lozad\"  alt=\"BFM vous souhaite une bonne ann\u00e9e 2026 !  \"\/>0:29BFM vous souhaite une bonne ann\u00e9e 2026 !<\/a><a href=\"https:\/\/www.bfmtv.com\/societe\/video-bfm-vous-souhaite-une-tres-belle-annee-2026_VN-202512310614.html\" title=\"BFM vous souhaite une tr\u00e8s belle ann\u00e9e 2026 \" target=\"_blank\" rel=\"noopener\"><img width=\"16\" height=\"9\" class=\"lozad\"  alt=\"BFM vous souhaite une tr\u00e8s belle ann\u00e9e 2026 \"\/>0:14BFM vous souhaite une tr\u00e8s belle ann\u00e9e 2026<\/a><a href=\"https:\/\/www.bfmtv.com\/international\/video-australie-seoul-taiwan-emirats-arabes-unis-chine-ces-pays-sont-deja-passes-en-2026_VN-202512310605.html\" title=\"Australie, S\u00e9oul, Taiwan, Emirats Arabes Unis, Chine: ces pays sont d\u00e9j\u00e0 pass\u00e9s en 2026\" target=\"_blank\" rel=\"noopener\"><img width=\"16\" height=\"9\" class=\"lozad\"  alt=\"Australie, S\u00e9oul, Taiwan, Emirats Arabes Unis, Chine: ces pays sont d\u00e9j\u00e0 pass\u00e9s en 2026\"\/>1:29Australie, S\u00e9oul, Taiwan, Emirats Arabes Unis, Chine: ces pays sont d\u00e9j\u00e0 pass\u00e9s en 2026<\/a><a href=\"https:\/\/www.bfmtv.com\/societe\/video-reveillon-des-centaines-de-milliers-de-personnes-reunies-sur-les-champs-elysees-pour-la-nouvelle-annee_VN-202512310596.html\" title=\"R\u00e9veillon: des centaines de milliers de personnes r\u00e9unies sur les Champs-Elys\u00e9es pour la nouvelle ann\u00e9e\" target=\"_blank\" rel=\"noopener\"><img width=\"16\" height=\"9\" class=\"lozad\"  alt=\"R\u00e9veillon: des centaines de milliers de personnes r\u00e9unies sur les Champs-Elys\u00e9es pour la nouvelle ann\u00e9e\"\/>1:30R\u00e9veillon: des centaines de milliers de personnes r\u00e9unies sur les Champs-Elys\u00e9es pour la nouvelle ann\u00e9e<\/a><a href=\"https:\/\/www.bfmtv.com\/societe\/video-reveillon-sur-l-a64-il-faut-continuer-a-se-mobiliser-pour-que-le-monde-agricole-francais-retrouve-le-sourire-en-2026-assure-jerome-bayle-eleveur-en-haute-garonne_VN-202512310584.html\" title=\"R\u00e9veillon sur l&#039;A64: &quot;Il faut continuer \u00e0 se mobiliser pour que le monde agricole fran\u00e7ais retrouve le sourire en 2026&quot;, assure J\u00e9r\u00f4me Bayle, \u00e9leveur en Haute-Garonne\" target=\"_blank\" rel=\"noopener\"><img width=\"16\" height=\"9\" class=\"lozad\"  alt=\"R\u00e9veillon sur l'A64: &quot;Il faut continuer \u00e0 se mobiliser pour que le monde agricole fran\u00e7ais retrouve le sourire en 2026&quot;, assure J\u00e9r\u00f4me Bayle, \u00e9leveur en Haute-Garonne\"\/>2:12R\u00e9veillon sur l&rsquo;A64: \u00ab\u00a0Il faut continuer \u00e0 se mobiliser pour que le monde agricole fran\u00e7ais retrouve le sourire en 2026\u00a0\u00bb, assure J\u00e9r\u00f4me Bayle, \u00e9leveur en Haute-Garonne<\/a><a href=\"https:\/\/www.bfmtv.com\/politique\/video-hommage-national-a-brigitte-bardot-cela-aurait-ete-une-bonne-idee-si-cela-avait-ete-son-souhait-estime-henri-guaino-ancien-conseiller-de-nicolas-sarkozy_VN-202512310538.html\" title=\"Hommage national \u00e0 Brigitte Bardot: &quot;Cela aurait \u00e9t\u00e9 une bonne id\u00e9e si cela avait \u00e9t\u00e9 son souhait&quot;, estime Henri Guaino, ancien conseiller de Nicolas Sarkozy \" target=\"_blank\" rel=\"noopener\"><img width=\"16\" height=\"9\" class=\"lozad\"  alt=\"Hommage national \u00e0 Brigitte Bardot: &quot;Cela aurait \u00e9t\u00e9 une bonne id\u00e9e si cela avait \u00e9t\u00e9 son souhait&quot;, estime Henri Guaino, ancien conseiller de Nicolas Sarkozy \"\/>0:59Hommage national \u00e0 Brigitte Bardot: \u00ab\u00a0Cela aurait \u00e9t\u00e9 une bonne id\u00e9e si cela avait \u00e9t\u00e9 son souhait\u00a0\u00bb, estime Henri Guaino, ancien conseiller de Nicolas Sarkozy<\/a><a href=\"https:\/\/www.bfmtv.com\/replay-emissions\/bfm-story\/video-marschall-truchot-v-ux-de-macron-edition-speciale-des-19h30-sur-bfmtv-31-12_VN-202512310534.html\" title=\"Marschall Truchot : V\u0153ux de Macron, \u00e9dition sp\u00e9ciale d\u00e8s 19h30 sur BFMTV - 31\/12\" target=\"_blank\" rel=\"noopener\"><img width=\"16\" height=\"9\" class=\"lozad\"  alt=\"Marschall Truchot : V\u0153ux de Macron, \u00e9dition sp\u00e9ciale d\u00e8s 19h30 sur BFMTV - 31\/12\"\/>17:15Marschall Truchot : V\u0153ux de Macron, \u00e9dition sp\u00e9ciale d\u00e8s 19h30 sur BFMTV &#8211; 31\/12<\/a><a class=\"jumpToVideo\" target=\"_blank\"><img class=\"thumbnailPreview\"\/><\/a><\/p>\n","protected":false},"excerpt":{"rendered":"Le plan grand froid est activ\u00e9 en \u00cele-de-France, un sans-abri serait mort de froidSur le m\u00eame sujet0:34A64: les&hellip;\n","protected":false},"author":2,"featured_media":635354,"comment_status":"","ping_status":"","sticky":false,"template":"","format":"standard","meta":{"footnotes":""},"categories":[1592],"tags":[1111,11,1777,674,1011,27,662,12,626,25],"class_list":{"0":"post-635353","1":"post","2":"type-post","3":"status-publish","4":"format-standard","5":"has-post-thumbnail","7":"category-ile-de-france","8":"tag-actu","9":"tag-actualites","10":"tag-eu","11":"tag-europe","12":"tag-fr","13":"tag-france","14":"tag-ile-de-france","15":"tag-news","16":"tag-paris","17":"tag-republique-francaise"},"share_on_mastodon":{"url":"https:\/\/pubeurope.com\/@fr\/115823157169787061","error":""},"_links":{"self":[{"href":"https:\/\/www.europesays.com\/fr\/wp-json\/wp\/v2\/posts\/635353","targetHints":{"allow":["GET"]}}],"collection":[{"href":"https:\/\/www.europesays.com\/fr\/wp-json\/wp\/v2\/posts"}],"about":[{"href":"https:\/\/www.europesays.com\/fr\/wp-json\/wp\/v2\/types\/post"}],"author":[{"embeddable":true,"href":"https:\/\/www.europesays.com\/fr\/wp-json\/wp\/v2\/users\/2"}],"replies":[{"embeddable":true,"href":"https:\/\/www.europesays.com\/fr\/wp-json\/wp\/v2\/comments?post=635353"}],"version-history":[{"count":0,"href":"https:\/\/www.europesays.com\/fr\/wp-json\/wp\/v2\/posts\/635353\/revisions"}],"wp:featuredmedia":[{"embeddable":true,"href":"https:\/\/www.europesays.com\/fr\/wp-json\/wp\/v2\/media\/635354"}],"wp:attachment":[{"href":"https:\/\/www.europesays.com\/fr\/wp-json\/wp\/v2\/media?parent=635353"}],"wp:term":[{"taxonomy":"category","embeddable":true,"href":"https:\/\/www.europesays.com\/fr\/wp-json\/wp\/v2\/categories?post=635353"},{"taxonomy":"post_tag","embeddable":true,"href":"https:\/\/www.europesays.com\/fr\/wp-json\/wp\/v2\/tags?post=635353"}],"curies":[{"name":"wp","href":"https:\/\/api.w.org\/{rel}","templated":true}]}}