{"id":635363,"date":"2026-01-02T02:40:17","date_gmt":"2026-01-02T02:40:17","guid":{"rendered":"https:\/\/www.europesays.com\/fr\/635363\/"},"modified":"2026-01-02T02:40:17","modified_gmt":"2026-01-02T02:40:17","slug":"attaque-presumee-contre-une-residence-de-poutine-ce-qui-me-frappe-cest-lamateurisme-de-cette-operation-sous-faux-drapeau","status":"publish","type":"post","link":"https:\/\/www.europesays.com\/fr\/635363\/","title":{"rendered":"Attaque pr\u00e9sum\u00e9e contre une r\u00e9sidence de Poutine : \u00ab\u00a0Ce qui me frappe, c&rsquo;est l&rsquo;amateurisme de cette op\u00e9ration sous faux drapeau\u00a0\u00bb"},"content":{"rendered":"<ul class=\"jsx-862013697 ArticleChapo__List\">\n<li class=\"jsx-862013697 ArticleChapo__List_Item flex\">L&rsquo;arm\u00e9e russe a accus\u00e9 Kiev d&rsquo;avoir men\u00e9 une attaque contre la r\u00e9sidence de Vladimir Poutine.<\/li>\n<li class=\"jsx-862013697 ArticleChapo__List_Item flex\">Une op\u00e9ration qui s&rsquo;est r\u00e9v\u00e9l\u00e9e \u00eatre mont\u00e9e de toutes pi\u00e8ces par les Russes.<\/li>\n<li class=\"jsx-862013697 ArticleChapo__List_Item flex\">L&rsquo;analyse du colonel Michel Goya sur LCI.<\/li>\n<\/ul>\n<p data-module=\"article-paragraph\" class=\"jsx-157965717 Paragraph Paragraph__End\">La Russie a accus\u00e9 Kiev d&rsquo;avoir envoy\u00e9 91 drones <a href=\"https:\/\/www.tf1info.fr\/international\/guerre-ukraine-russie-une-residence-de-poutine-visee-par-l-ukraine-ce-que-l-on-sait-des-accusations-de-moscou-dementies-par-kiev-2415546.html\" target=\"_blank\" rel=\"noopener\">contre une r\u00e9sidence de Vladimir Poutine<\/a>, le 30 d\u00e9cembre. Une op\u00e9ration qui s&rsquo;est r\u00e9v\u00e9l\u00e9e \u00eatre mont\u00e9e de toutes pi\u00e8ces par les Russes, comme <a href=\"https:\/\/www.tf1info.fr\/international\/guerre-ukraine-russie-attaque-de-drones-contre-une-residence-de-poutine-la-cia-dement-a-son-tour-2416094.html\" target=\"_blank\" rel=\"noopener\">l&rsquo;a affirm\u00e9 la CIA<\/a>. \u00ab\u00a0Ce qui me frappe, c&rsquo;est l&rsquo;amateurisme de cette op\u00e9ration sous faux drapeau\u00a0\u00bb, r\u00e9agit le colonel Michel Goya sur le plateau de LCI, jeudi 1\u1d49\u02b3\u00a0janvier. \u00ab\u00a0Il fut un temps o\u00f9 les Russes faisaient des trucs un peu plus s\u00e9rieux. Il y avait des mises en sc\u00e8ne, ils se coordonnaient, etc.\u00a0\u00bb, ajoute-t-il.<\/p>\n<p><a href=\"https:\/\/www.tf1info.fr\/international\/guerre-ukraine-russie-kiev-accusee-d-avoir-attaque-une-residence-de-poutine-l-ombre-du-false-flag-cette-ruse-prisee-par-moscou-2415680.html\" rel=\"noopener\" class=\"jsx-3308031228 Link flex\" target=\"_blank\"><img decoding=\"async\" src=\"https:\/\/www.europesays.com\/fr\/wp-content\/uploads\/2025\/12\/russie-poutine-conference-de-presse-annuelle-19-decembre-2025-7510a9-0@1x.jpeg\" alt=\"Vladimir Poutine lors de sa grande conf\u00e9rence de presse annuelle retransmise \u00e0 la t\u00e9l\u00e9vision le 19 d\u00e9cembre 2025.&#10;\" loading=\"lazy\" importance=\"low\" fetchpriority=\"low\" class=\"\" aria-hidden=\"true\"\/><\/p>\n<p class=\"jsx-3657663356 ReadMoreArticle__Title\">Lire aussi<\/p>\n<p class=\"jsx-3657663356\">Kiev accus\u00e9e d&rsquo;avoir attaqu\u00e9 une r\u00e9sidence de Poutine : l&rsquo;ombre du \u00ab\u00a0false flag\u00a0\u00bb, cette ruse pris\u00e9e par Moscou<\/p>\n<p><\/a><\/p>\n<p data-module=\"article-paragraph\" class=\"jsx-157965717 Paragraph Paragraph__End\">Le sp\u00e9cialiste des questions militaires d\u00e9veloppe : \u00ab\u00a0C&rsquo;est Lavrov qui l&rsquo;a annonc\u00e9. Pourquoi est-ce que c&rsquo;est le ministre des Affaires \u00e9trang\u00e8res qui annonce une attaque sur le territoire russe ? Pourquoi ce n&rsquo;est pas le ministre de la D\u00e9fense ? C&rsquo;est son boulot accessoirement\u00a0\u00bb, ironise-t-il. Avant de poursuivre : \u00ab\u00a0Et apparemment, ils ne se sont m\u00eame pas coordonn\u00e9s, puisque le minist\u00e8re de la D\u00e9fense, le m\u00eame jour, fait son bulletin quotidien et ne parle m\u00eame pas de cette attaque. Il dit qu&rsquo;il y a eu 18 drones dans la r\u00e9gion, effectivement, mais pas 91. Et il ne parle pas du tout d&rsquo;une attaque sp\u00e9cifique sur Poutine.\u00a0\u00bb C&rsquo;est donc une op\u00e9ration \u00ab\u00a0assez grossi\u00e8re\u00a0\u00bb des services russes, r\u00e9sume-t-il.<\/p>\n<p>Emma ALLAMAND<\/p>\n","protected":false},"excerpt":{"rendered":"L&rsquo;arm\u00e9e russe a accus\u00e9 Kiev d&rsquo;avoir men\u00e9 une attaque contre la r\u00e9sidence de Vladimir Poutine. Une op\u00e9ration qui&hellip;\n","protected":false},"author":2,"featured_media":635364,"comment_status":"","ping_status":"","sticky":false,"template":"","format":"standard","meta":{"footnotes":""},"categories":[1591],"tags":[1111,5926,11,1887,1922,14,37193,1916,12,1885,1886,132,1917,135],"class_list":{"0":"post-635363","1":"post","2":"type-post","3":"status-publish","4":"format-standard","5":"has-post-thumbnail","7":"category-russie","8":"tag-actu","9":"tag-actualite-international","10":"tag-actualites","11":"tag-federation-de-russie","12":"tag-info","13":"tag-international","14":"tag-lci-direct","15":"tag-moscou","16":"tag-news","17":"tag-russia","18":"tag-russian-federation","19":"tag-russie","20":"tag-ukraine-4-annee-de-guerre","21":"tag-vladimir-poutine"},"share_on_mastodon":{"url":"https:\/\/pubeurope.com\/@fr\/115823196418037009","error":""},"_links":{"self":[{"href":"https:\/\/www.europesays.com\/fr\/wp-json\/wp\/v2\/posts\/635363","targetHints":{"allow":["GET"]}}],"collection":[{"href":"https:\/\/www.europesays.com\/fr\/wp-json\/wp\/v2\/posts"}],"about":[{"href":"https:\/\/www.europesays.com\/fr\/wp-json\/wp\/v2\/types\/post"}],"author":[{"embeddable":true,"href":"https:\/\/www.europesays.com\/fr\/wp-json\/wp\/v2\/users\/2"}],"replies":[{"embeddable":true,"href":"https:\/\/www.europesays.com\/fr\/wp-json\/wp\/v2\/comments?post=635363"}],"version-history":[{"count":0,"href":"https:\/\/www.europesays.com\/fr\/wp-json\/wp\/v2\/posts\/635363\/revisions"}],"wp:featuredmedia":[{"embeddable":true,"href":"https:\/\/www.europesays.com\/fr\/wp-json\/wp\/v2\/media\/635364"}],"wp:attachment":[{"href":"https:\/\/www.europesays.com\/fr\/wp-json\/wp\/v2\/media?parent=635363"}],"wp:term":[{"taxonomy":"category","embeddable":true,"href":"https:\/\/www.europesays.com\/fr\/wp-json\/wp\/v2\/categories?post=635363"},{"taxonomy":"post_tag","embeddable":true,"href":"https:\/\/www.europesays.com\/fr\/wp-json\/wp\/v2\/tags?post=635363"}],"curies":[{"name":"wp","href":"https:\/\/api.w.org\/{rel}","templated":true}]}}