{"id":635365,"date":"2026-01-02T02:46:19","date_gmt":"2026-01-02T02:46:19","guid":{"rendered":"https:\/\/www.europesays.com\/fr\/635365\/"},"modified":"2026-01-02T02:46:19","modified_gmt":"2026-01-02T02:46:19","slug":"kiev-reconnait-avoir-simule-la-mort-dun-chef-militaire-russe-combattant-pour-lukraine","status":"publish","type":"post","link":"https:\/\/www.europesays.com\/fr\/635365\/","title":{"rendered":"Kiev reconna\u00eet avoir simul\u00e9 la mort d\u2019un chef militaire russe combattant pour l\u2019Ukraine"},"content":{"rendered":"<p>Le 27\u00a0d\u00e9cembre, le Corps des volontaires russes (RDK) avait annonc\u00e9 que son commandant Denis Kapoustine avait \u00e9t\u00e9 tu\u00e9 au front dans le secteur de Zaporijjia, dans le sud du pays, lors d\u2019une attaque de drone russe.\u00a0Les services de renseignement militaires ukrainiens (GUR) ont annonc\u00e9, jeudi 1er\u00a0janvier 2026, que cette mort \u00e9tait fictive et faisait partie d\u2019une \u00ab\u00a0op\u00e9ration sp\u00e9ciale\u00a0\u00bb, men\u00e9e pendant plus d\u2019un mois.<\/p>\n<p>\u00ab\u00a0F\u00e9licitations pour ton retour \u00e0 la vie, cela fait toujours plaisir\u00a0\u00bb, a d\u00e9clar\u00e9 le chef du GUR Kyrylo Boudanov, dans un \u00e9change par visioconf\u00e9rence avec Denis Kapoustine diffus\u00e9e par ses services. Pour sa part, Denis Kapoustine s\u2019est dit pr\u00eat \u00e0 \u00ab\u00a0retourner dans la zone des op\u00e9rations\u00a0\u00bb sur le front et \u00e0 poursuivre le commandement de son unit\u00e9.<\/p>\n<p>Identifier les membres des services sercrets<\/p>\n<p>Selon le GUR, la simulation de ce d\u00e9c\u00e8s a permis d\u2019identifier des membres des services sp\u00e9ciaux russes qui avaient mis \u00e0 prix la t\u00eate de Denis Kapoustine et souhaitaient l\u2019assassiner. \u00ab\u00a0Nous avons \u00e9galement re\u00e7u la somme d\u2019argent allou\u00e9e par les services sp\u00e9ciaux russes pour accomplir ce crime\u00a0\u00bb, \u00e0 savoir 500.000\u00a0dollars, a affirm\u00e9 un responsable anonyme du GUR dans cette vid\u00e9o.<\/p>\n<p>Figure connue du milieu hooligan et d\u2019extr\u00eame droite en Russie, Denis Kapoustine a \u00e9t\u00e9 accus\u00e9 par le pass\u00e9 de d\u00e9fendre des id\u00e9es n\u00e9onazies. Connu sous plusieurs pseudonymes comme Nikitine ou White Rex, il s\u2019est install\u00e9 en Ukraine avant l\u2019invasion russe de f\u00e9vrier\u00a02022, o\u00f9 il y organisait des combats de MMA et poss\u00e9dait une marque de v\u00eatements.\u00a0Apr\u00e8s avoir pris les armes pour combattre pour l\u2019Ukraine, il avait notamment fait parler de lui au printemps 2023. Son unit\u00e9 avait alors men\u00e9 des incursions frontali\u00e8res en Russie.<\/p>\n<p>Ce n\u2019est pas la premi\u00e8re fois que Kiev proc\u00e8de \u00e0 ce type d\u2019op\u00e9ration. Fin mai\u00a02018, les services sp\u00e9ciaux ukrainiens avaient orchestr\u00e9 la \u00ab\u00a0fausse mort\u00a0\u00bb d\u2019un journaliste russe oppos\u00e9 au Kremlin, Arkadi Babtchenko, pour, selon les autorit\u00e9s, emp\u00eacher une tentative d\u2019assassinat de Moscou le visant. Les autorit\u00e9s ukrainiennes avaient simul\u00e9 son meurtre pendant 24 heures en trompant la presse, une mise en sc\u00e8ne qui avait alors \u00e9t\u00e9 tr\u00e8s critiqu\u00e9e.<\/p>\n<p>24 morts pr\u00e8s de Kherson<\/p>\n<p>Quelques minutes avant cette r\u00e9v\u00e9lation, la Russie a accus\u00e9, jeudi, l\u2019arm\u00e9e ukrainienne d\u2019avoir men\u00e9 pendant la nuit de Nouvel An une attaque de drones dans la partie de la r\u00e9gion ukrainienne de Kherson contr\u00f4l\u00e9e par l\u2019arm\u00e9e russe, faisant au moins 24 morts. Dans un communiqu\u00e9, le Comit\u00e9 d\u2019enqu\u00eate russe a affirm\u00e9 qu\u2019un caf\u00e9 dans le village de Khorly avait \u00e9t\u00e9 touch\u00e9 par une attaque \u00ab\u00a0massive\u00a0\u00bb de drones ukrainiens.<\/p>\n<p>La diplomatie russe a accus\u00e9 Kiev de \u00ab\u00a0torpiller consciemment toute tentative de recherche de solutions pacifiques au conflit\u00a0\u00bb en menant ses attaques de drones. Elle a appel\u00e9 les gouvernements \u00e9trangers et instances internationales \u00e0 condamner \u00ab\u00a0cet attentat sanglant\u00a0\u00bb et \u00e0 ne pas en \u00eatre \u00ab\u00a0complices\u00a0\u00bb en \u00ab\u00a0ignorant cette trag\u00e9die\u00a0\u00bb. Les autorit\u00e9s ukrainiennes n\u2019ont pour l\u2019heure pas r\u00e9agi \u00e0 ces accusations.<\/p>\n<p>Nouvelles rencontres attendues<\/p>\n<p>Pour sa part, le pr\u00e9sident ukrainien Volodymyr Zelensky a accus\u00e9, jeudi, la Russie d\u2019entamer la nouvelle ann\u00e9e en poursuivant la guerre d\u00e9clench\u00e9e en 2022 par son attaque \u00e0 grande \u00e9chelle de l\u2019Ukraine. \u00ab\u00a0La Russie entame d\u00e9lib\u00e9r\u00e9ment la nouvelle ann\u00e9e en poursuivant la guerre, en lan\u00e7ant plus de 200 drones\u00a0\u00bb dans la nuit de Nouvel An, a-t-il indiqu\u00e9 sur les r\u00e9seaux sociaux, ajoutant que les cibles \u00e9taient des infrastructures \u00e9nerg\u00e9tiques.<\/p>\n<p>Ces nouvelles d\u00e9clarations font craindre un blocage de la situation alors que de nouvelles rencontres sont programm\u00e9es dans les prochains jours pour parvenir \u00e0 un arr\u00eat du conflit le plus meurtrier sur le continent europ\u00e9en depuis la fin de la Seconde Guerre mondiale. La premi\u00e8re d\u2019entre elles aura lieu, d\u00e8s samedi, en Ukraine, avec des conseillers \u00e0 la s\u00e9curit\u00e9 d\u2019\u00c9tats alli\u00e9s. <a target=\"_self\" href=\"https:\/\/www.lanouvellerepublique.fr\/a-la-une\/guerre-en-ukraine-l-espoir-en-trompe-l-oeil-d-une-conclusion-rapide-des-pourparlers-de-paix-1767028469\" rel=\"noopener\">Avant le sommet, pr\u00e9vu \u00e0 Paris, la semaine prochaine<\/a>.<\/p>\n","protected":false},"excerpt":{"rendered":"Le 27\u00a0d\u00e9cembre, le Corps des volontaires russes (RDK) avait annonc\u00e9 que son commandant Denis Kapoustine avait \u00e9t\u00e9 tu\u00e9&hellip;\n","protected":false},"author":2,"featured_media":635366,"comment_status":"","ping_status":"","sticky":false,"template":"","format":"standard","meta":{"footnotes":""},"categories":[1590],"tags":[328,11,1813,1777,674,329,74,12,132,220],"class_list":{"0":"post-635365","1":"post","2":"type-post","3":"status-publish","4":"format-standard","5":"has-post-thumbnail","7":"category-ukraine","8":"tag-a-la-une","9":"tag-actualites","10":"tag-armee","11":"tag-eu","12":"tag-europe","13":"tag-france-monde","14":"tag-monde","15":"tag-news","16":"tag-russie","17":"tag-ukraine"},"share_on_mastodon":{"url":"https:\/\/pubeurope.com\/@fr\/115823220145685467","error":""},"_links":{"self":[{"href":"https:\/\/www.europesays.com\/fr\/wp-json\/wp\/v2\/posts\/635365","targetHints":{"allow":["GET"]}}],"collection":[{"href":"https:\/\/www.europesays.com\/fr\/wp-json\/wp\/v2\/posts"}],"about":[{"href":"https:\/\/www.europesays.com\/fr\/wp-json\/wp\/v2\/types\/post"}],"author":[{"embeddable":true,"href":"https:\/\/www.europesays.com\/fr\/wp-json\/wp\/v2\/users\/2"}],"replies":[{"embeddable":true,"href":"https:\/\/www.europesays.com\/fr\/wp-json\/wp\/v2\/comments?post=635365"}],"version-history":[{"count":0,"href":"https:\/\/www.europesays.com\/fr\/wp-json\/wp\/v2\/posts\/635365\/revisions"}],"wp:featuredmedia":[{"embeddable":true,"href":"https:\/\/www.europesays.com\/fr\/wp-json\/wp\/v2\/media\/635366"}],"wp:attachment":[{"href":"https:\/\/www.europesays.com\/fr\/wp-json\/wp\/v2\/media?parent=635365"}],"wp:term":[{"taxonomy":"category","embeddable":true,"href":"https:\/\/www.europesays.com\/fr\/wp-json\/wp\/v2\/categories?post=635365"},{"taxonomy":"post_tag","embeddable":true,"href":"https:\/\/www.europesays.com\/fr\/wp-json\/wp\/v2\/tags?post=635365"}],"curies":[{"name":"wp","href":"https:\/\/api.w.org\/{rel}","templated":true}]}}