{"id":635371,"date":"2026-01-02T02:49:37","date_gmt":"2026-01-02T02:49:37","guid":{"rendered":"https:\/\/www.europesays.com\/fr\/635371\/"},"modified":"2026-01-02T02:49:37","modified_gmt":"2026-01-02T02:49:37","slug":"allemagne-le-chien-voyage-seul-dans-le-train-regional-vers-fribourg","status":"publish","type":"post","link":"https:\/\/www.europesays.com\/fr\/635371\/","title":{"rendered":"Allemagne. Le chien voyage seul dans le train r\u00e9gional vers Fribourg"},"content":{"rendered":"<p>Un Jack Russell Terrier de 16 ans a fait sensation dans un train r\u00e9gional. Ce chien a pris la tangente d\u2019un appartement situ\u00e9 pr\u00e8s de l\u2019arr\u00eat Haltingen \u00e0 Weil am Rhein. C\u2019est \u00e0 Fribourg, \u00e0 environ 70 kilom\u00e8tres de l\u00e0, qu\u2019il a \u00e9t\u00e9 retrouv\u00e9\u2026 dans un train en direction du nord.<\/p>\n<p>Peu avant que le train r\u00e9gional n\u2019entre en gare centrale de Fribourg, un voyageur a remarqu\u00e9 ce chien voyageant seul et a inform\u00e9 la police f\u00e9d\u00e9rale. Les policiers ont ensuite remis l\u2019animal au propri\u00e9taire qui avait signal\u00e9 la disparition de son chien.<\/p>\n","protected":false},"excerpt":{"rendered":"Un Jack Russell Terrier de 16 ans a fait sensation dans un train r\u00e9gional. Ce chien a pris&hellip;\n","protected":false},"author":2,"featured_media":635372,"comment_status":"","ping_status":"","sticky":false,"template":"","format":"standard","meta":{"footnotes":""},"categories":[1587],"tags":[11,672,2389,1804,1805,1803,1777,674,274,107,1801,1757,12,1802,1806],"class_list":{"0":"post-635371","1":"post","2":"type-post","3":"status-publish","4":"format-standard","5":"has-post-thumbnail","7":"category-allemagne","8":"tag-actualites","9":"tag-allemagne","10":"tag-alsace","11":"tag-bundesrepublik-deutschland","12":"tag-de","13":"tag-deutschland","14":"tag-eu","15":"tag-europe","16":"tag-faits-divers-justice","17":"tag-fil-info","18":"tag-germany","19":"tag-insolite","20":"tag-news","21":"tag-republique-federale-dallemagne","22":"tag-rheinblick"},"share_on_mastodon":{"url":"https:\/\/pubeurope.com\/@fr\/115823231843794526","error":""},"_links":{"self":[{"href":"https:\/\/www.europesays.com\/fr\/wp-json\/wp\/v2\/posts\/635371","targetHints":{"allow":["GET"]}}],"collection":[{"href":"https:\/\/www.europesays.com\/fr\/wp-json\/wp\/v2\/posts"}],"about":[{"href":"https:\/\/www.europesays.com\/fr\/wp-json\/wp\/v2\/types\/post"}],"author":[{"embeddable":true,"href":"https:\/\/www.europesays.com\/fr\/wp-json\/wp\/v2\/users\/2"}],"replies":[{"embeddable":true,"href":"https:\/\/www.europesays.com\/fr\/wp-json\/wp\/v2\/comments?post=635371"}],"version-history":[{"count":0,"href":"https:\/\/www.europesays.com\/fr\/wp-json\/wp\/v2\/posts\/635371\/revisions"}],"wp:featuredmedia":[{"embeddable":true,"href":"https:\/\/www.europesays.com\/fr\/wp-json\/wp\/v2\/media\/635372"}],"wp:attachment":[{"href":"https:\/\/www.europesays.com\/fr\/wp-json\/wp\/v2\/media?parent=635371"}],"wp:term":[{"taxonomy":"category","embeddable":true,"href":"https:\/\/www.europesays.com\/fr\/wp-json\/wp\/v2\/categories?post=635371"},{"taxonomy":"post_tag","embeddable":true,"href":"https:\/\/www.europesays.com\/fr\/wp-json\/wp\/v2\/tags?post=635371"}],"curies":[{"name":"wp","href":"https:\/\/api.w.org\/{rel}","templated":true}]}}