{"id":635373,"date":"2026-01-02T02:50:18","date_gmt":"2026-01-02T02:50:18","guid":{"rendered":"https:\/\/www.europesays.com\/fr\/635373\/"},"modified":"2026-01-02T02:50:18","modified_gmt":"2026-01-02T02:50:18","slug":"au-portugal-le-secteur-du-tourisme-mise-sur-lintegration-des-immigres-accents-deurope","status":"publish","type":"post","link":"https:\/\/www.europesays.com\/fr\/635373\/","title":{"rendered":"Au Portugal, le secteur du tourisme mise sur l&rsquo;int\u00e9gration des immigr\u00e9s &#8211; Accents d&rsquo;Europe"},"content":{"rendered":"<p>\n                                                Pour pallier le manque de main-d&rsquo;oeuvre, le secteur du tourisme a d\u00e9velopp\u00e9 une formation h\u00f4teli\u00e8re destin\u00e9e \u00e0 int\u00e9grer et fid\u00e9liser des \u00e9trangers en situation r\u00e9guli\u00e8re, ou en voie de r\u00e9gularisation, dans les m\u00e9tiers en tension.\u00a0                    <\/p>\n<p>[Cette \u00e9mission est une rediffusion de nos programmes]<\/p>\n<p> <strong>Apport \u00e9conomique de l&rsquo;immigration : au Portugal, la preuve par l&rsquo;exemple<\/strong> <\/p>\n<p>Apr\u00e8s une longue bataille juridique, le Parlement portugais a durci cet automne les conditions d&rsquo;entr\u00e9e des \u00e9trangers dans le pays, suite \u00e0 un accord entre le gouvernement et l&rsquo;extr\u00eame droite. La nouvelle loi immigration stipule, par exemple, que les visas de recherche d&#8217;emploi seront d\u00e9sormais r\u00e9serv\u00e9s aux travailleurs hautement qualifi\u00e9s. Pourtant, sur le terrain, les besoins de main-d&rsquo;oeuvre sont tout autres. Le Bureau national du Tourisme, en partenariat avec le Bureau de l&rsquo;Immigration, et l&rsquo;organisation patronale du secteur a d\u00e9velopp\u00e9 une formation destin\u00e9e \u00e0 former et int\u00e9grer des \u00e9trangers en situation r\u00e9guli\u00e8re ou en voie de r\u00e9gularisation dans des restaurants, des bars et des h\u00f4tels qui manquent de bras. Et c&rsquo;est jusqu&rsquo;\u00e0 pr\u00e9sent une r\u00e9ussite, comme l&rsquo;a constat\u00e9 \u00e0 Lisbonne,\u00a0<strong>Marie-Line Darcy.<\/strong><\/p>\n<p> <strong>D&rsquo;apr\u00e8s Eurostat, sans immigration, l&rsquo;Europe perdrait plus de 20% de sa population en \u00e2ge de travailler d&rsquo;ici \u00e0 2050<\/strong> <\/p>\n<p>Tous les pays europ\u00e9ens sont affect\u00e9s, \u00e0 des degr\u00e9s divers, par la baisse de la natalit\u00e9 et le vieillissement de la population. Ils risquent de voir leurs \u00e9conomies et leurs syst\u00e8mes de protection sociale mise \u00e0 mal par le manque d&rsquo;habitants en \u00e2ge de travailler. Face \u00e0 ce constat, Hakim El Karoui et Fran\u00e7ois Ga\u00fcz\u00e8re-Mazauric appellent \u00e0 un r\u00e9alisme migratoire en Europe et notamment entre les deux rives de la M\u00e9diterran\u00e9e, <strong><a target=\"_blank\" href=\"https:\/\/legrandcontinent.eu\/fr\/2025\/09\/30\/pour-un-realisme-migratoire-une-nouvelle-strategie-en-mediterranee\/\" rel=\"noopener\">leur \u00e9tude est parue dans la revue du\u00a0<\/a><\/strong><strong><a target=\"_blank\" href=\"https:\/\/legrandcontinent.eu\/fr\/2025\/09\/30\/pour-un-realisme-migratoire-une-nouvelle-strategie-en-mediterranee\/\" rel=\"noopener\">Grand Continent<\/a><\/strong>.<\/p>\n<p>Fran\u00e7ois Ga\u00fczere Mazauric,\u00a0professeur agr\u00e9g\u00e9 d\u2019histoire en classes pr\u00e9paratoires, et directeur des \u00e9tudes du Comit\u00e9 d\u2019action pour la M\u00e9diterran\u00e9e, est notre invit\u00e9.\u00a0<\/p>\n<p> <strong>La chronique musique de Vincent Th\u00e9val :\u00a0 Andrea Lazslo de la Simone,\u00a0La Notte.<\/strong> <strong>\u00c0 Kharkiv, danser, c\u2019est r\u00e9sister<\/strong>\u00a0 <\/p>\n<p>La deuxi\u00e8me plus grande ville d\u2019<strong><a target=\"_self\" href=\"https:\/\/www.rfi.fr\/fr\/tag\/ukraine\/\" rel=\"noopener\">Ukraine<\/a><\/strong>\u00a0n\u2019est situ\u00e9e qu\u2019\u00e0 une trentaine de kilom\u00e8tres du front et vit, depuis plus de trois ans, au rythme des alertes a\u00e9riennes et des attaques de drones. Pourtant, envers et contre tout, des poches d\u2019espoir subsistent, comme une forme de r\u00e9sistance. C\u2019est le cas de l\u2019op\u00e9ra de Kharkiv, qui vient de c\u00e9l\u00e9brer ses 100 ans. La sc\u00e8ne a \u00e9t\u00e9 d\u00e9plac\u00e9e en sous-sol, r\u00e9duite de deux tiers, la moiti\u00e9 des artistes sont partis et pourtant : les spectacles font toujours carton plein.\u00a0<strong>Cerise Sudry Le D\u00fb.\u00a0\u00a0<\/strong><\/p>\n","protected":false},"excerpt":{"rendered":"Pour pallier le manque de main-d&rsquo;oeuvre, le secteur du tourisme a d\u00e9velopp\u00e9 une formation h\u00f4teli\u00e8re destin\u00e9e \u00e0 int\u00e9grer&hellip;\n","protected":false},"author":2,"featured_media":635374,"comment_status":"","ping_status":"","sticky":false,"template":"","format":"standard","meta":{"footnotes":""},"categories":[1586],"tags":[2361,11,9497,1777,674,1011,27,1061,12,6996,25,602,220],"class_list":{"0":"post-635373","1":"post","2":"type-post","3":"status-publish","4":"format-standard","5":"has-post-thumbnail","7":"category-europe","8":"tag-accents-deurope","9":"tag-actualites","10":"tag-emploi-et-travail","11":"tag-eu","12":"tag-europe","13":"tag-fr","14":"tag-france","15":"tag-immigration","16":"tag-news","17":"tag-portugal","18":"tag-republique-francaise","19":"tag-tourisme","20":"tag-ukraine"},"share_on_mastodon":{"url":"https:\/\/pubeurope.com\/@fr\/115823235754846727","error":""},"_links":{"self":[{"href":"https:\/\/www.europesays.com\/fr\/wp-json\/wp\/v2\/posts\/635373","targetHints":{"allow":["GET"]}}],"collection":[{"href":"https:\/\/www.europesays.com\/fr\/wp-json\/wp\/v2\/posts"}],"about":[{"href":"https:\/\/www.europesays.com\/fr\/wp-json\/wp\/v2\/types\/post"}],"author":[{"embeddable":true,"href":"https:\/\/www.europesays.com\/fr\/wp-json\/wp\/v2\/users\/2"}],"replies":[{"embeddable":true,"href":"https:\/\/www.europesays.com\/fr\/wp-json\/wp\/v2\/comments?post=635373"}],"version-history":[{"count":0,"href":"https:\/\/www.europesays.com\/fr\/wp-json\/wp\/v2\/posts\/635373\/revisions"}],"wp:featuredmedia":[{"embeddable":true,"href":"https:\/\/www.europesays.com\/fr\/wp-json\/wp\/v2\/media\/635374"}],"wp:attachment":[{"href":"https:\/\/www.europesays.com\/fr\/wp-json\/wp\/v2\/media?parent=635373"}],"wp:term":[{"taxonomy":"category","embeddable":true,"href":"https:\/\/www.europesays.com\/fr\/wp-json\/wp\/v2\/categories?post=635373"},{"taxonomy":"post_tag","embeddable":true,"href":"https:\/\/www.europesays.com\/fr\/wp-json\/wp\/v2\/tags?post=635373"}],"curies":[{"name":"wp","href":"https:\/\/api.w.org\/{rel}","templated":true}]}}