{"id":635377,"date":"2026-01-02T02:52:12","date_gmt":"2026-01-02T02:52:12","guid":{"rendered":"https:\/\/www.europesays.com\/fr\/635377\/"},"modified":"2026-01-02T02:52:12","modified_gmt":"2026-01-02T02:52:12","slug":"incendie-mortel-a-crans-montana-6-francais-blesses-et-8-autres-pas-encore-localises-rtl-fr","status":"publish","type":"post","link":"https:\/\/www.europesays.com\/fr\/635377\/","title":{"rendered":"Incendie mortel \u00e0 Crans-Montana : 6 Fran\u00e7ais bless\u00e9s et 8 autres pas encore localis\u00e9s &#8211; RTL.fr"},"content":{"rendered":"<ol>\n<li><a href=\"https:\/\/news.google.com\/rss\/articles\/CBMizAFBVV95cUxQVVpBQkVzZU5ZWk0tc2hReDJyUEo1cUVjbndWZjBERlI5TzFBcnE2ekRicVRGTVVWS3FBSkMxOHoxMnVEQkhjZHZNdW80dDdocGlEUl9JSlhGLTJyUEJvZUNiT3c2T2loZndkX1RTeWdnZmwzMHZCU0dtZlpVTmlxWlZUT1d4VWU4YU16bHNfdDdoT2NGNVBibGl4aGk3UzNac3JRcU9Vb3JnOXlkcnV4aEl6aFlGMEdLd08tMk1oOWxXeHg0MG5XVUlOazc?oc=5\" target=\"_blank\" rel=\"noopener\">Incendie mortel \u00e0 Crans-Montana : 6 Fran\u00e7ais bless\u00e9s et 8 autres pas encore localis\u00e9s<\/a>&nbsp;&nbsp;RTL.fr<\/li>\n<li><a href=\"https:\/\/news.google.com\/rss\/articles\/CBMiqwJBVV95cUxPTDdxQ2drZlFjZVpzWW9jT05kdXlyeU5OWWVoTEhUcXlubVJGS0RsaDZudzdCZzV4dXk3dERwYjZRR2pYZTE1bms1R2FHTzRSYVMxT1BURTZITXljeHBNUzZsTjlUb2JuMkgwYkJFZ2hvdjRNczNza09KNGdIZ3dVUktaWkRLNng3a0VPbjBuWXI4UEQ5VVRwVmdvVUNsLVBmVUhyODB2RFVFbUFGQ0wxRlhJTmY3OWZQcjY1WGI1LTVvVXktQ19Nak4tVlZMSmdFNlNvbmJ2SjFSalpteFduMUZBd01RTFpCMFhqVjQ3QkJud3BOMjJuOEhpQmhNVlYwRy1KekN0SlF4SDg3M283c3Nrd3czVXdmUnRCakNLLUZBdE5Oc09NODlocw?oc=5\" target=\"_blank\" rel=\"noopener\">EN DIRECT, incendie en Suisse, \u00e0 Crans-Montana : une quarantaine de morts pendant le Nouvel An, la France accueille des bless\u00e9s dans ses h\u00f4pitaux<\/a>&nbsp;&nbsp;Le Monde.fr<\/li>\n<li><a href=\"https:\/\/news.google.com\/rss\/articles\/CBMijwJBVV95cUxNUWdQcXIteVkyVThKTTFMaEotcXhrMnpYWGtiSWNmMXpZalhrYVAyMnBwVW82cnZONmRld1hJd0dhdTJBdlpsbHRna3BpR3BFOGs5R1lMenNUUE9WZm1jcVJGTXZuUk90cFJVRVFyLWRzYlRkNzNfMWdnMEZfMGYxRmtpR1dncFRjZnVNS0pPTWF4SldfNWpoZktXOXJRenpncVZKbXBKcFFPX3k1cHNaTWk0SmhyNElpbHZoMzVsNzg2U0hlcFNNRlF3eWpZRW5HSXVRd3NRbXJYRHVkeXRsR1JMSjJvY3pyTk5NTmJoNkhqeHN5R2Nac205TzF2bFdLUFp1UHRWdWNVZ3NqM2RV?oc=5\" target=\"_blank\" rel=\"noopener\">\u00ab\u00a0Je les ai eus au t\u00e9l\u00e9phone, ils sont vivants\u00a0\u00bb : un couple de Corses \u00e0 la t\u00eate du bar ravag\u00e9 par les flammes en Suisse<\/a>&nbsp;&nbsp;Corse Matin<\/li>\n<li><a href=\"https:\/\/news.google.com\/rss\/articles\/CBMiigJBVV95cUxPd1lfUjFURVlIcG1zZFBsVTVDZGdrZVFUSU0zM2pBdG53MUNzNjhMSF9xM0JZc0xrTXZFS21KT2lrSXprcHNlenEwb3p2Q1lDUmhsd1A3SHFCcGlHQzBvRndOaFhOOERudjJCVlRuQVpzU1puZl9lbXBhU0NDcmNkdTVRelA3NjBXVGxZM1pDS081eVlFNnRxdW1NdkxIT3N5aGFCMi1wTXc1eTZDZ0JySWtQODVFOTdOdVlIOU5ubXVuQzZ1TEdES1Q2X2ZlaWVaay1IT1c4dk41WEtkWmM2RzZvdWNMc3BYMFZkN25YdTlJUXlIN1BrWExQMGMybjNrSmpTVFJ6U05oQQ?oc=5\" target=\"_blank\" rel=\"noopener\">\u00ab\u00a0Tout le plafond \u00e9tait en feu\u00a0\u00bb: deux t\u00e9moins racontent \u00ab\u00a0la panique\u00a0\u00bb lors de l&rsquo;incendie mortel \u00e0 Crans-Montana<\/a>&nbsp;&nbsp;BFM<\/li>\n<li><a href=\"https:\/\/news.google.com\/rss\/articles\/CBMi5gFBVV95cUxPT045UDJ5RDY2RU9TbGJHeDM0QzQ5VDBOMU1wbE42N0JHek03Q2VMcWpRdnFRVHIxWlM1WWotZGVYd3FmLWphbFR3NktFZ3hpVnkwSXJ6eDZpZnk3V2NKOXhSa1duQ05QbWZKTnlweWtFLUw4SS1kN19NUl92clFaa05MbWxlQzNwMXdlQWlZNXdYdUVHSWY2c2NvX2lzN2N4a25CblNlVnFJM3VNUzVzUEV1d0JiWmozRjU5ZVFkSU9KN3ExRDVxSUMtLWhSZVVkTUNOaWtKM1dsOUd1V08xczdVV3lwQQ?oc=5\" target=\"_blank\" rel=\"noopener\">Tahirys dos Santos, un jeune joueur de Metz, gri\u00e8vement bless\u00e9 dans l&rsquo;incendie mortel de Crans-Montana<\/a>&nbsp;&nbsp;L&rsquo;\u00c9quipe<\/li>\n<\/ol>\n","protected":false},"excerpt":{"rendered":"Incendie mortel \u00e0 Crans-Montana : 6 Fran\u00e7ais bless\u00e9s et 8 autres pas encore localis\u00e9s&nbsp;&nbsp;RTL.fr EN DIRECT, incendie en&hellip;\n","protected":false},"author":2,"featured_media":634376,"comment_status":"","ping_status":"","sticky":false,"template":"","format":"standard","meta":{"footnotes":""},"categories":[2],"tags":[11,898,9732,18579,2688,118,107,1011,27,1310,12,39117,25,3067],"class_list":{"0":"post-635377","1":"post","2":"type-post","3":"status-publish","4":"format-standard","5":"has-post-thumbnail","7":"category-actualites","8":"tag-actualites","9":"tag-alerte","10":"tag-bar","11":"tag-en-direct","12":"tag-explosion","13":"tag-faits-divers","14":"tag-fil-info","15":"tag-fr","16":"tag-france","17":"tag-incendie","18":"tag-news","19":"tag-nouvel-an","20":"tag-republique-francaise","21":"tag-suisse"},"share_on_mastodon":{"url":"https:\/\/pubeurope.com\/@fr\/115823243670688286","error":""},"_links":{"self":[{"href":"https:\/\/www.europesays.com\/fr\/wp-json\/wp\/v2\/posts\/635377","targetHints":{"allow":["GET"]}}],"collection":[{"href":"https:\/\/www.europesays.com\/fr\/wp-json\/wp\/v2\/posts"}],"about":[{"href":"https:\/\/www.europesays.com\/fr\/wp-json\/wp\/v2\/types\/post"}],"author":[{"embeddable":true,"href":"https:\/\/www.europesays.com\/fr\/wp-json\/wp\/v2\/users\/2"}],"replies":[{"embeddable":true,"href":"https:\/\/www.europesays.com\/fr\/wp-json\/wp\/v2\/comments?post=635377"}],"version-history":[{"count":0,"href":"https:\/\/www.europesays.com\/fr\/wp-json\/wp\/v2\/posts\/635377\/revisions"}],"wp:featuredmedia":[{"embeddable":true,"href":"https:\/\/www.europesays.com\/fr\/wp-json\/wp\/v2\/media\/634376"}],"wp:attachment":[{"href":"https:\/\/www.europesays.com\/fr\/wp-json\/wp\/v2\/media?parent=635377"}],"wp:term":[{"taxonomy":"category","embeddable":true,"href":"https:\/\/www.europesays.com\/fr\/wp-json\/wp\/v2\/categories?post=635377"},{"taxonomy":"post_tag","embeddable":true,"href":"https:\/\/www.europesays.com\/fr\/wp-json\/wp\/v2\/tags?post=635377"}],"curies":[{"name":"wp","href":"https:\/\/api.w.org\/{rel}","templated":true}]}}