{"id":635378,"date":"2026-01-02T02:53:20","date_gmt":"2026-01-02T02:53:20","guid":{"rendered":"https:\/\/www.europesays.com\/fr\/635378\/"},"modified":"2026-01-02T02:53:20","modified_gmt":"2026-01-02T02:53:20","slug":"pierre-moscovici-nouvelle-vigie-des-finances-de-lue","status":"publish","type":"post","link":"https:\/\/www.europesays.com\/fr\/635378\/","title":{"rendered":"Pierre Moscovici, nouvelle vigie des finances de l&rsquo;UE"},"content":{"rendered":"<p>Pand\u00e9mie, guerre en Ukraine, inflation \u00e9nerg\u00e9tique, dissolution, d\u00e9ficit record\u2026 Pierre Moscovici s\u2019appr\u00eate \u00e0 rejoindre la Cour des Comptes europ\u00e9enne ce vendredi 2\u00a0janvier apr\u00e8s un quinquennat tumultueux \u00e0 Paris. Bas\u00e9e au Luxembourg, cette institution se pr\u00e9sente comme \u00ab\u00a0la gardienne des finances publiques\u00a0\u00bb de l\u2019Union europ\u00e9enne. Il succ\u00e8de \u00e0 l\u2019Irlandais Tony Murphy en poste depuis 2022.<\/p>\n<p>\u00c0 son arriv\u00e9e dans son bureau de la rue Cambon, l\u2019ancien ministre socialiste avait d\u00e9j\u00e0 annonc\u00e9 son ambition de faire conna\u00eetre le travail des magistrats tricolores en Europe. \u00ab\u00a0D\u00e8s cet \u00e9t\u00e9 [2020], j\u2019irai rendre visite aux institutions europ\u00e9ennes, en commen\u00e7ant par la Commission europ\u00e9enne, puis la Cour des comptes europ\u00e9enne\u00a0\u00bb, avait-il affirm\u00e9 dans <a href=\"https:\/\/www.ccomptes.fr\/sites\/default\/files\/2023-10\/20200611-audience-sol-installation-PP.pdf\" target=\"_blank\" rel=\"noopener\">son premier discours solennel<\/a>.<\/p>\n","protected":false},"excerpt":{"rendered":"Pand\u00e9mie, guerre en Ukraine, inflation \u00e9nerg\u00e9tique, dissolution, d\u00e9ficit record\u2026 Pierre Moscovici s\u2019appr\u00eate \u00e0 rejoindre la Cour des Comptes&hellip;\n","protected":false},"author":2,"featured_media":635379,"comment_status":"","ping_status":"","sticky":false,"template":"","format":"standard","meta":{"footnotes":""},"categories":[2],"tags":[5734,11,30749,8663,33,4538,9467,1011,27,1861,29520,12,2043,11850,25,58667],"class_list":{"0":"post-635378","1":"post","2":"type-post","3":"status-publish","4":"format-standard","5":"has-post-thumbnail","7":"category-actualites","8":"tag-5734","9":"tag-actualites","10":"tag-comptes","11":"tag-cour","12":"tag-economie","13":"tag-europeenne","14":"tag-finances","15":"tag-fr","16":"tag-france","17":"tag-lue","18":"tag-moscovici","19":"tag-news","20":"tag-nouvelle","21":"tag-pierre","22":"tag-republique-francaise","23":"tag-vigie"},"share_on_mastodon":{"url":"https:\/\/pubeurope.com\/@fr\/115823247687377599","error":""},"_links":{"self":[{"href":"https:\/\/www.europesays.com\/fr\/wp-json\/wp\/v2\/posts\/635378","targetHints":{"allow":["GET"]}}],"collection":[{"href":"https:\/\/www.europesays.com\/fr\/wp-json\/wp\/v2\/posts"}],"about":[{"href":"https:\/\/www.europesays.com\/fr\/wp-json\/wp\/v2\/types\/post"}],"author":[{"embeddable":true,"href":"https:\/\/www.europesays.com\/fr\/wp-json\/wp\/v2\/users\/2"}],"replies":[{"embeddable":true,"href":"https:\/\/www.europesays.com\/fr\/wp-json\/wp\/v2\/comments?post=635378"}],"version-history":[{"count":0,"href":"https:\/\/www.europesays.com\/fr\/wp-json\/wp\/v2\/posts\/635378\/revisions"}],"wp:featuredmedia":[{"embeddable":true,"href":"https:\/\/www.europesays.com\/fr\/wp-json\/wp\/v2\/media\/635379"}],"wp:attachment":[{"href":"https:\/\/www.europesays.com\/fr\/wp-json\/wp\/v2\/media?parent=635378"}],"wp:term":[{"taxonomy":"category","embeddable":true,"href":"https:\/\/www.europesays.com\/fr\/wp-json\/wp\/v2\/categories?post=635378"},{"taxonomy":"post_tag","embeddable":true,"href":"https:\/\/www.europesays.com\/fr\/wp-json\/wp\/v2\/tags?post=635378"}],"curies":[{"name":"wp","href":"https:\/\/api.w.org\/{rel}","templated":true}]}}