{"id":63539,"date":"2025-04-30T04:58:10","date_gmt":"2025-04-30T04:58:10","guid":{"rendered":"https:\/\/www.europesays.com\/fr\/63539\/"},"modified":"2025-04-30T04:58:10","modified_gmt":"2025-04-30T04:58:10","slug":"la-coupe-deurope-de-bmx-revient-a-lempdes","status":"publish","type":"post","link":"https:\/\/www.europesays.com\/fr\/63539\/","title":{"rendered":"La Coupe d&rsquo;Europe de BMX revient \u00e0 Lempdes"},"content":{"rendered":"<p>\t\t\t06h45 &#8211; 30 avril 2025\t\t\t &#8211; par Info Clermont M\u00e9tropole\n\t\t\t<\/p>\n<p>\t\t\t\t<img decoding=\"async\" id=\"illustration\" src=\"https:\/\/www.europesays.com\/fr\/wp-content\/uploads\/2025\/04\/21284.jpg\" alt=\"La Coupe d'Europe de BMX revient \u00e0 Lempdes\"\/><\/p>\n<p>\n\t\t\t\t\tPlus de 30 nations venues du monde entier seront repr\u00e9sent\u00e9es.\t\t\t\t\t &#8211; \u00a9 Guillaume BONNAURE\t\t\t\t<\/p>\n<p><strong> Apr\u00e8s l&rsquo;organisation des Coupes d&rsquo;Europe de 1999 et 2004, elle est de retour ! La Coupe d&rsquo;Europe de BMX fera \u00e9tape \u00e0 Lempdes du 9 au 11 mai et rassemblera les meilleurs pilotes europ\u00e9ens le temps d&rsquo;un week-end.\u00a0<\/strong><\/p>\n<p melodystyle=\"texte\"><b>V<\/b>ous avez aim\u00e9 les championnats de France au mois d&rsquo;octobre\u00a0? Vous adorerez la Coupe d&rsquo;Europe de BMX du 9 au 11\u00a0mai \u00e0 Lempdes\u00a0!<\/p>\n<p>&#13;<\/p>\n<p melodystyle=\"texte\">Il n&rsquo;y aura peut-\u00eatre pas la patrouille de France cette fois mais assur\u00e9ment un superbe spectacle avec les meilleurs pilotes de BMX qui se disputeront deux manches tr\u00e8s importantes de la Coupe d&rsquo;Europe, l&rsquo;UEC BMX European Cup.<\/p>\n<p>&#13;<\/p>\n<p melodystyle=\"texte\">Sport olympique depuis 2008, le BMX a le vent en poupe et ressent d\u00e9j\u00e0 un effet Jeux olympiques de Paris 2024 avec le tripl\u00e9 des \u00ab\u00a0mousquetaires\u00a0\u00bb Joris Daudet, Sylvain Andr\u00e9, et Romain Mahieu. Sylvain Andr\u00e9 sera d&rsquo;ailleurs pr\u00e9sent \u00e0 Lempdes pour son retour sur une grande comp\u00e9tition.<\/p>\n<p>&#13;<\/p>\n<p melodystyle=\"texte\">Le BMX conna\u00eet une hausse de 13 % de ses licenci\u00e9s cette ann\u00e9e.<\/p>\n<p>&#13;<\/p>\n<p melodystyle=\"texte\">\u00ab\u00a0Le BMX est un sport technique, tactique et physique rappelle Franck Sabatier, le pr\u00e9sident du Lempdes BMX Auvergne. Notre club est tr\u00e8s dynamique \u00e0 l&rsquo;image de ce sport. Nous avons 270 licenci\u00e9s et une grande exp\u00e9rience pour organiser ces grandes comp\u00e9titions. Avec le soutien de tous nos b\u00e9n\u00e9voles et de nos partenaires, ce sera un tr\u00e8s bel \u00e9v\u00e8nement.\u00a0\u00bb<\/p>\n<p>&#13;<br \/>\n2 600 pilotes !&#13;<\/p>\n<p melodystyle=\"texte\">La M\u00e9tropole, la Ville de Lempdes et le club ont investi pour mettre cette piste aux normes europ\u00e9ennes, pour organiser cet \u00e9v\u00e8nement mais aussi continuer d&rsquo;\u00eatre un bastion du BMX europ\u00e9en dans les ann\u00e9es \u00e0 venir avec une candidature \u00e0 venir pour la Coupe de France 2026.<\/p>\n<p>&#13;<\/p>\n<p melodystyle=\"texte\">Apr\u00e8s les Coupes d&rsquo;Europe de 1999 et 2004, on n&rsquo;attend pas moins de 2600 comp\u00e9titeurs, c&rsquo;est \u00e9norme. 30 nations seront repr\u00e9sent\u00e9es et pas seulement europ\u00e9ennes puisque des pilotes du monde entier ont le droit de venir se frotter aux meilleurs Europ\u00e9ens. Il y aura quand m\u00eame 60 % de pilotes fran\u00e7ais.<\/p>\n<p>&#13;<\/p>\n<p melodystyle=\"texte\">Chez les femmes, le niveau sportif sera particuli\u00e8rement relev\u00e9 avec la pr\u00e9sence de la Britannique B\u00e9thany Shriever, Championne Olympique 2020, les Hollandaises Merel et Laura Smulders, Judy Bauw, et bien entendu la pilote locale, double finaliste olympique, Axelle \u00c9tienne, de retour de convalescence, et les 3 autres pilotes f\u00e9minines de l&rsquo;\u00e9quipe DN1 Lempdaise L\u00e9a Brindjonc, Thalya Burford et Christelle Boivin.<\/p>\n<p>&#13;<\/p>\n<p melodystyle=\"texte\">Chez les hommes, Sylvain Andr\u00e9, Arthur Pilard, Champion de France et d&rsquo;Europe, J\u00e9r\u00e9my Rencurel, le Champion de Suisse Filip Steiner, Ross Cullen et Arthur Claesens seront pr\u00eats \u00e0 en d\u00e9coudre.<\/p>\n<p>&#13;<\/p>\n<p melodystyle=\"texte\">Le vendredi 9\u00a0mai sera consacr\u00e9 aux essais\u00a0; la 5e manche de la Coupe d&rsquo;Europe sera disput\u00e9e le samedi 10\u00a0mai, et la 6e le 11\u00a0mai. Outre les 6 Cat\u00e9gories Championnat (Junior, U23 et Elite Hommes et Femmes), les Pilotes amateurs du Challenge seront r\u00e9partis en 16 Cat\u00e9gories. Nous retrouverons ainsi des Gar\u00e7ons et Filles de 8 \u00e0 16 ans, 3 Cat\u00e9gories d&rsquo;Hommes et Femmes de plus de 17 ans, et 5 cat\u00e9gories Cruisers de plus de 17 \u00e0 plus de 45 ans (Hommes et Femmes).<\/p>\n<p>&#13;<\/p>\n<p melodystyle=\"texte\">Organis\u00e9e sur la toute nouvelle piste du club de Lempdes BMX Auvergne, cette manche du circuit promet du grand spectacle. 90 b\u00e9n\u00e9voles seront mobilis\u00e9s\u00a0!<\/p>\n<p>&#13;<\/p>\n<p melodystyle=\"texte\">On attend beaucoup de monde, peut-\u00eatre pr\u00e8s de 4 000 spectateurs. Des zones pour les camping-car et des parkings, seront disponibles tout autour de la zone. Une Fan Zone avec Village exposants, animations, mascotte de Radio Scoop et restauration seront en acc\u00e8s libre. Le club esp\u00e8re attirer un large public qui d\u00e9couvrira le BMX au travers des diff\u00e9rentes animations propos\u00e9es, dont un espace \u00ab\u00a0Savoir Rouler A V\u00e9lo\u00a0\u00bb et \u00ab\u00a0P\u00e9daler Bien-\u00eatre\u00a0\u00bb.<\/p>\n<p>&#13;<\/p>\n<p melodystyle=\"texte\"><b>Billets<\/b><\/p>\n<p>&#13;<\/p>\n<p melodystyle=\"texte\">L&rsquo;\u00e9v\u00e8nement aura lieu au Parc des Sports Rue du Marais \u00e0 Lempdes. Billets sur Helloasso : 15 euros la journ\u00e9e du samedi ou du dimanche et 25 euros le Pass 2 jours pour les adultes. Gratuit pour les moins de 11 ans.<\/p>\n<p>&#13;<\/p>\n<p style=\"font-weight:bold;color:#002458;\">Site internet : www.lempdes-bmx.com<\/p>\n<p>\t\t\t\t\t\t\t\t\t<img decoding=\"async\" src=\"https:\/\/www.europesays.com\/fr\/wp-content\/uploads\/2025\/04\/min-1656.jpg\" style=\"width:100%;height:200px;height:auto;\"\/><\/p>\n","protected":false},"excerpt":{"rendered":"06h45 &#8211; 30 avril 2025 &#8211; par Info Clermont M\u00e9tropole Plus de 30 nations venues du monde entier&hellip;\n","protected":false},"author":2,"featured_media":63540,"comment_status":"","ping_status":"","sticky":false,"template":"","format":"standard","meta":{"footnotes":""},"categories":[1586],"tags":[10720,47,11,9050,1777,674,1011,27,16222,4662,12,10719,25],"class_list":{"0":"post-63539","1":"post","2":"type-post","3":"status-publish","4":"format-standard","5":"has-post-thumbnail","7":"category-europe","8":"tag-abonnement","9":"tag-actualite","10":"tag-actualites","11":"tag-clermont-ferrand","12":"tag-eu","13":"tag-europe","14":"tag-fr","15":"tag-france","16":"tag-info-clermont-metropole","17":"tag-journal","18":"tag-news","19":"tag-petites-annonces","20":"tag-republique-francaise"},"share_on_mastodon":{"url":"https:\/\/pubeurope.com\/@fr\/114425148495765976","error":""},"_links":{"self":[{"href":"https:\/\/www.europesays.com\/fr\/wp-json\/wp\/v2\/posts\/63539","targetHints":{"allow":["GET"]}}],"collection":[{"href":"https:\/\/www.europesays.com\/fr\/wp-json\/wp\/v2\/posts"}],"about":[{"href":"https:\/\/www.europesays.com\/fr\/wp-json\/wp\/v2\/types\/post"}],"author":[{"embeddable":true,"href":"https:\/\/www.europesays.com\/fr\/wp-json\/wp\/v2\/users\/2"}],"replies":[{"embeddable":true,"href":"https:\/\/www.europesays.com\/fr\/wp-json\/wp\/v2\/comments?post=63539"}],"version-history":[{"count":0,"href":"https:\/\/www.europesays.com\/fr\/wp-json\/wp\/v2\/posts\/63539\/revisions"}],"wp:featuredmedia":[{"embeddable":true,"href":"https:\/\/www.europesays.com\/fr\/wp-json\/wp\/v2\/media\/63540"}],"wp:attachment":[{"href":"https:\/\/www.europesays.com\/fr\/wp-json\/wp\/v2\/media?parent=63539"}],"wp:term":[{"taxonomy":"category","embeddable":true,"href":"https:\/\/www.europesays.com\/fr\/wp-json\/wp\/v2\/categories?post=63539"},{"taxonomy":"post_tag","embeddable":true,"href":"https:\/\/www.europesays.com\/fr\/wp-json\/wp\/v2\/tags?post=63539"}],"curies":[{"name":"wp","href":"https:\/\/api.w.org\/{rel}","templated":true}]}}