{"id":635390,"date":"2026-01-02T03:04:14","date_gmt":"2026-01-02T03:04:14","guid":{"rendered":"https:\/\/www.europesays.com\/fr\/635390\/"},"modified":"2026-01-02T03:04:14","modified_gmt":"2026-01-02T03:04:14","slug":"muriel-robin-paye-laddition-dans-la-pire-mere-au-monde-il-ny-a-pas-dactrice-lesbienne-de-ma-stature-il-ny-a-que-moi","status":"publish","type":"post","link":"https:\/\/www.europesays.com\/fr\/635390\/","title":{"rendered":"Muriel Robin paye l&rsquo;addition dans \u00ab\u00a0La Pire m\u00e8re au monde\u00a0\u00bb: \u00ab\u00a0Il n&rsquo;y a pas d&rsquo;actrice lesbienne de ma stature, il n&rsquo;y a que moi\u00a0\u00bb"},"content":{"rendered":"<p><a href=\"https:\/\/www.dhnet.be\/medias\/television\/2025\/12\/22\/ce-nest-pas-moi-nouvelle-bourde-pour-lea-salame-face-a-muriel-robin-dans-quelle-epoque-WBZ2VY6V2ZDNRAHK54MZUEG3XI\/\" target=\"_self\" class=\"ap-StoryInterstitialLink ap-StoryElement ap-StoryElement--mb\" rel=\"noopener\">\u00ab\u00a0Ce n&rsquo;est pas moi !\u00a0\u00bb: nouvelle bourde pour L\u00e9a Salam\u00e9 face \u00e0 Muriel Robin dans \u00ab\u00a0Quelle \u00e9poque !\u00a0\u00bb<\/a>\u00ab\u00a0Il faut finir par aimer qui l&rsquo;on est\u00a0\u00bb<\/p>\n<p class=\"ap-StoryElement ap-StoryElement--mb ap-StoryText\">\u00ab\u00a0Ma m\u00e8re n&rsquo;avait pas le langage de l&rsquo;amour, car elle ne l&rsquo;avait pas connu enfant. C&rsquo;\u00e9tait une \u00e9poque o\u00f9 on n&rsquo;\u00e9tait pas dans la d\u00e9monstration comme aujourd&rsquo;hui avec l&rsquo;enfant roi\u00a0\u00bb se souvient Muriel Robin. Vers douze-treize ans, elle se rend compte en allant chez ses amies que \u00ab\u00a0les choses pouvaient \u00eatre autrement, que les gens se disaient je t&rsquo;aime.\u00a0\u00bb Mais elle se rattrape, lucide : \u00ab\u00a0Si ma m\u00e8re avait \u00e9t\u00e9 une autre, je n&rsquo;aurais pas \u00e9t\u00e9 la m\u00eame, il faut finir par aimer qui l&rsquo;on est. Ma m\u00e8re \u00e9tait dure mais, \u00e0 c\u00f4t\u00e9 de cette rudesse, dr\u00f4le, moderne, originale. Elle travaillait dans les chaussures de mode, elle \u00e9tait \u00e0 l&rsquo;avant-garde de tout. J&rsquo;ai appris il y a six-sept ans que je n&rsquo;\u00e9tais pas l&rsquo;enfant de mon p\u00e8re, mais de l&rsquo;amant de ma m\u00e8re, \u00e7a a \u00e9clair\u00e9 compl\u00e8tement diff\u00e9remment le parcours de ma m\u00e8re, et le mien. Je suis une b\u00e2tarde, mon sentiment d&rsquo;ill\u00e9gitimit\u00e9 vient de l\u00e0.\u00a0\u00bb<\/p>\n<p class=\"ap-StoryElement ap-StoryElement--mb ap-StoryText\">Sa libert\u00e9, Muriel Robin l&rsquo;a trouv\u00e9e sur les planches avec ses spectacles humoristiques pionniers pour les femmes avec des sketches comme L&rsquo;Addition (m\u00eame si elle conc\u00e8de avoir fait du one woman show \u00ab\u00a0par d\u00e9pit, parce que le cin\u00e9ma ne lui proposait rien\u00a0\u00bb alors qu&rsquo;elle remplissait des Z\u00e9niths), et sur petit \u00e9cran dans des t\u00e9l\u00e9films \u00e0 succ\u00e8s consacr\u00e9s \u00e0 des drames r\u00e9els \u2013 de Marie Besnard l&#8217;empoisonneuse \u00e0 Jacqueline Sauvage, graci\u00e9e par Fran\u00e7ois Hollande apr\u00e8s le meurtre de son mari violent en 2016 \u2013 qui l&rsquo;ont pouss\u00e9e \u00e0 donner de la voix pour La Fondation des femmes. \u00ab\u00a0Ce qui m&rsquo;anime de plus en plus \u00e0 l&rsquo;avenir, c&rsquo;est de donner aux autres. Avec mon \u00e9pouse (la com\u00e9dienne Anne Le Nen), je veux organiser ma vie en fonction de \u00e7a. L&rsquo;autre en d\u00e9tresse me percute tr\u00e8s fort, \u00e7a remonte \u00e0 l&rsquo;enfance. Je ne voudrais pas me d\u00e9cevoir sur le sujet des femmes, de l&#8217;empathie vers l&rsquo;autre\u00a0\u00bb note-t-elle. Son seul regret, que le cin\u00e9ma l&rsquo;ait exclue. Dans l&rsquo;\u00e9mission Quelle \u00e9poque le 16 septembre 2023, elle avait d\u00e9nonc\u00e9 l&rsquo;homophobie du milieu du cin\u00e9ma dont elle a souffert en tant que lesbienne. \u00ab\u00a0Je suis la seule actrice au monde \u00e0 avoir dit son homosexualit\u00e9\u00a0\u00bb affirmait-elle alors, peut-\u00eatre maladroitement.<\/p>\n<p><a href=\"https:\/\/www.dhnet.be\/regions\/liege\/2025\/09\/25\/muriel-robin-a-lhonneur-au-festival-international-du-film-de-comedie-de-liege-2SR54MTJPBHL3A54BLTIAO7TCU\/\" target=\"_self\" class=\"ap-StoryInterstitialLink ap-StoryElement ap-StoryElement--mb\" rel=\"noopener\">Muriel Robin \u00e0 l&rsquo;honneur au Festival International du Film de Com\u00e9die de Li\u00e8ge<\/a>\u00ab\u00a0Il n&rsquo;y a pas d&rsquo;actrice lesbienne, il n&rsquo;y a que moi\u00a0\u00bb<\/p>\n<p class=\"ap-StoryElement ap-StoryElement--mb ap-StoryText\">On a eu envie de lui demander si, au vu de la hausse du nombre de r\u00e9alisatrices lesbiennes ou de films avec des h\u00e9ro\u00efnes lesbiennes, dont l&rsquo;enjeu n&rsquo;est pas forc\u00e9ment la sexualit\u00e9 (voir cette ann\u00e9e la trilogie <a href=\"https:\/\/www.lalibre.be\/culture\/2025\/10\/28\/julian-enflamme-les-salles-et-le-pink-screens-festival-comment-les-lesbiennes-sortent-de-linvisibilite-au-cinema-FTSJXPPHZ5DSLKK727K4CHI2YY\/\" target=\"_self\" rel=\"noopener\">queer<\/a> La Petite derni\u00e8re d&rsquo;Hafsia Herzi \u2013 Des Preuves d&rsquo;amour d&rsquo;Alice Douard \u2013 Love me Tender, d&rsquo;apr\u00e8s le r\u00e9cit de Constance Debr\u00e9, \u00e0 sortir en mars en Belgique), elle \u00e9tait plus optimiste sur la repr\u00e9sentation des lesbiennes au cin\u00e9ma. \u00ab\u00a0Je ne suis pas optimiste. Les mentalit\u00e9s n&rsquo;ont pas chang\u00e9. Jodie Foster a \u00e9t\u00e9 plus intelligente que moi, elle a attendu 40 ans avant de dire son homosexualit\u00e9.\u00a0\u00bb Selon elle, Kristen Stewart \u00ab\u00a0passe \u00e0 travers les gouttes parce qu&rsquo;elle a \u00e9t\u00e9 avec un homme avant, \u00e7a rassure le milieu qui continuera de choisir une h\u00e9t\u00e9ro face \u00e0 une homo\u00a0\u00bb. Et d&rsquo;enfoncer le clou : \u00ab\u00a0Il n&rsquo;y a pas d&rsquo;actrice lesbienne de ma stature, il n&rsquo;y a que moi\u00a0\u00bb soutient-elle, pour parler des actrices \u00ab\u00a0qui font tourner la machine\u00a0\u00bb, r\u00e9duisant, peut-\u00eatre \u00e0 tort, le cin\u00e9ma au cin\u00e9ma populaire mainstream fran\u00e7ais o\u00f9 effectivement \u00ab\u00a0le seul\u00a0\u00bb qui fait appel \u00e0 elle, c&rsquo;est \u00ab\u00a0Christian\u00a0\u00bb (Clavier, NdlR) qu&rsquo;elle c\u00f4toyait dans Les Visiteurs 2. Muriel Robin a beau \u00eatre aim\u00e9e du grand public, sa blessure reste que le cin\u00e9ma d&rsquo;auteur la boude. \u00ab\u00a0Quatre jours de tournage chez Klapisch, \u00e7a ne me suffit pas. Ne jamais \u00eatre choisie par ses pairs, \u00e7a vous tue \u00e0 petit feu. Je reste une enfant, je veux \u00eatre choisie. \u00a0\u00bb C&rsquo;est l&rsquo;occasion avec La Pire m\u00e8re au monde, de se rattraper.<\/p>\n<p><a href=\"https:\/\/www.dhnet.be\/medias\/television\/2024\/11\/05\/muriel-robin-insupportable-execrable-ou-encore-flippante-sur-le-tournage-de-lol-qui-rit-sort-on-a-coupe-la-moitie-des-sequences-avec-elle-42G7LOE6NNH3LITAXWFAFSYCDQ\/\" target=\"_self\" class=\"ap-StoryInterstitialLink ap-StoryElement ap-StoryElement--mb\" rel=\"noopener\">Muriel Robin \u00ab\u00a0insupportable\u00a0\u00bb, \u00ab\u00a0ex\u00e9crable\u00a0\u00bb ou encore \u00ab\u00a0flippante\u00a0\u00bb sur le tournage de \u00ab\u00a0LOL, qui rit sort\u00a0\u00bb : \u00ab\u00a0On a coup\u00e9 la moiti\u00e9 des s\u00e9quences avec elle\u00a0\u00bb<\/a><\/p>\n<p class=\"ap-StoryElement ap-StoryElement--mb ap-StoryText\"><b>La Pire m\u00e8re au monde<\/b>, Com\u00e9die <b>De<\/b> Pierre Mazingarbe <b>Avec<\/b> Louise Bourgoin, Muriel Robin, Gustave Kervern, Florence Loiret Caille&#8230; <b>Dur\u00e9e<\/b> 1h30<\/p>\n<p><img loading=\"lazy\" decoding=\"async\" class=\"w-full lazyload lazyload--opacity object-contain\" style=\"aspect-ratio:150 \/ 100;opacity:1\" alt=\"La Pire m\u00e8re au monde\" width=\"768\" height=\"512\" fetchpriority=\"auto\" src=\"https:\/\/www.europesays.com\/fr\/wp-content\/uploads\/2025\/12\/S5VKD3X55FFF3BW6V4SEHXNP7I.png\"  data- data-optimumx=\"1\"\/>La Pire m\u00e8re au monde \u00a9Anga<img loading=\"lazy\" decoding=\"async\" class=\"w-full lazyload lazyload--opacity object-contain\" style=\"aspect-ratio:239 \/ 100;opacity:1\" alt=\"La Pire m\u00e8re au monde\" width=\"768\" height=\"322\" fetchpriority=\"auto\" src=\"https:\/\/www.europesays.com\/fr\/wp-content\/uploads\/2025\/12\/S5VKD3X55FFF3BW6V4SEHXNP7I.png\"  data- data-optimumx=\"1\"\/>La Pire m\u00e8re au monde \u00a9Anga<img loading=\"lazy\" decoding=\"async\" class=\"w-full lazyload lazyload--opacity object-contain\" style=\"aspect-ratio:74 \/ 100;opacity:1\" alt=\"La Pire m\u00e8re au monde affiche\" width=\"768\" height=\"1043\" fetchpriority=\"auto\" src=\"https:\/\/www.europesays.com\/fr\/wp-content\/uploads\/2025\/12\/S5VKD3X55FFF3BW6V4SEHXNP7I.png\"  data- data-optimumx=\"1\"\/>La Pire m\u00e8re au monde affiche \u00a9Anga<\/p>\n","protected":false},"excerpt":{"rendered":"\u00ab\u00a0Ce n&rsquo;est pas moi !\u00a0\u00bb: nouvelle bourde pour L\u00e9a Salam\u00e9 face \u00e0 Muriel Robin dans \u00ab\u00a0Quelle \u00e9poque !\u00a0\u00bb\u00ab\u00a0Il&hellip;\n","protected":false},"author":2,"featured_media":635391,"comment_status":"","ping_status":"","sticky":false,"template":"","format":"standard","meta":{"footnotes":""},"categories":[1359],"tags":[650,58,59,2081,1011,27,7629,11764,973],"class_list":{"0":"post-635390","1":"post","2":"type-post","3":"status-publish","4":"format-standard","5":"has-post-thumbnail","7":"category-people","8":"tag-cinema","9":"tag-divertissement","10":"tag-entertainment","11":"tag-film","12":"tag-fr","13":"tag-france","14":"tag-maman","15":"tag-muriel-robin","16":"tag-people"},"share_on_mastodon":{"url":"https:\/\/pubeurope.com\/@fr\/115823291072996724","error":""},"_links":{"self":[{"href":"https:\/\/www.europesays.com\/fr\/wp-json\/wp\/v2\/posts\/635390","targetHints":{"allow":["GET"]}}],"collection":[{"href":"https:\/\/www.europesays.com\/fr\/wp-json\/wp\/v2\/posts"}],"about":[{"href":"https:\/\/www.europesays.com\/fr\/wp-json\/wp\/v2\/types\/post"}],"author":[{"embeddable":true,"href":"https:\/\/www.europesays.com\/fr\/wp-json\/wp\/v2\/users\/2"}],"replies":[{"embeddable":true,"href":"https:\/\/www.europesays.com\/fr\/wp-json\/wp\/v2\/comments?post=635390"}],"version-history":[{"count":0,"href":"https:\/\/www.europesays.com\/fr\/wp-json\/wp\/v2\/posts\/635390\/revisions"}],"wp:featuredmedia":[{"embeddable":true,"href":"https:\/\/www.europesays.com\/fr\/wp-json\/wp\/v2\/media\/635391"}],"wp:attachment":[{"href":"https:\/\/www.europesays.com\/fr\/wp-json\/wp\/v2\/media?parent=635390"}],"wp:term":[{"taxonomy":"category","embeddable":true,"href":"https:\/\/www.europesays.com\/fr\/wp-json\/wp\/v2\/categories?post=635390"},{"taxonomy":"post_tag","embeddable":true,"href":"https:\/\/www.europesays.com\/fr\/wp-json\/wp\/v2\/tags?post=635390"}],"curies":[{"name":"wp","href":"https:\/\/api.w.org\/{rel}","templated":true}]}}