{"id":635394,"date":"2026-01-02T03:07:19","date_gmt":"2026-01-02T03:07:19","guid":{"rendered":"https:\/\/www.europesays.com\/fr\/635394\/"},"modified":"2026-01-02T03:07:19","modified_gmt":"2026-01-02T03:07:19","slug":"prodiges-qui-a-gagne-la-saison-12-du-concours-presente-par-faustine-bollaert-sur-france-2","status":"publish","type":"post","link":"https:\/\/www.europesays.com\/fr\/635394\/","title":{"rendered":"\u00ab\u00a0Prodiges\u00a0\u00bb : Qui a gagn\u00e9 la saison 12 du concours pr\u00e9sent\u00e9 par Faustine Bollaert sur France 2 ?"},"content":{"rendered":"<p>                <img loading=\"lazy\" decoding=\"async\" src=\"https:\/\/www.europesays.com\/fr\/wp-content\/uploads\/2025\/07\/1753453630_789_dcb0d112757ed4ab-35x35-1.jpg\" class=\"author-article-picture\" width=\"35\" height=\"35\"\/><\/p>\n<p>                    Par<\/p>\n<p>                                            Mathis Ferrut<\/p>\n<p>                    |<\/p>\n<p>                                            Journaliste<\/p>\n<p>\n                Passionn\u00e9 par le monde des m\u00e9dias depuis sa tendre enfance, la t\u00e9l\u00e9vision et particuli\u00e8rement les divertissements n&rsquo;ont aucun secret pour lui : \u00ab\u00a0Le Bigdil\u00a0\u00bb, \u00ab\u00a0L&rsquo;amour est dans le pr\u00e9\u00a0\u00bb, \u00ab\u00a0N&rsquo;oubliez pas les paroles\u00a0\u00bb, \u00ab\u00a0Fort Boyard\u00a0\u00bb, \u00ab\u00a0Mari\u00e9s au premier regard\u00a0\u00bb, \u00ab\u00a0Loft Story\u00a0\u00bb, \u00ab\u00a0Star Academy\u00a0\u00bb, \u00ab\u00a0Secret Story\u00a0\u00bb, \u00ab\u00a0Les Tra\u00eetres\u00a0\u00bb, \u00ab\u00a0Les Marseillais\u00a0\u00bb\u2026 On le surnomme m\u00eame \u00ab\u00a0l&rsquo;encyclop\u00e9die de la t\u00e9l\u00e9-r\u00e9alit\u00e9\u00a0\u00bb !\n            <\/p>\n<p>\n    Ce jeudi 1er janvier 2026, France 2 diffusait la grande finale de la saison 12 de \u00ab\u00a0Prodiges\u00a0\u00bb, le grand concours de musique classique pr\u00e9sent\u00e9 par Faustine Bollaert. D\u00e9couvrez qui a remport\u00e9 la bourse d&rsquo;\u00e9tude de 10.000 euros.\n<\/p>\n<p>                            <img loading=\"lazy\" decoding=\"async\" class=\"player-thumbnail\" src=\"https:\/\/www.europesays.com\/fr\/wp-content\/uploads\/2026\/01\/2dd23593757c5a39-580x326-1.jpg\" width=\"580\" height=\"326\"\/><\/p>\n<p>                            Tylan et Tim\u00e9a apprennent qu&rsquo;ils sont qualifi\u00e9s pour la finale de la saison 12 de \u00ab\u00a0Prodiges\u00a0\u00bb sur France 2. \u00a9 France 2<\/p>\n<p>La suite apr\u00e8s la publicit\u00e9<\/p>\n<p>La saison 12 de <a href=\"https:\/\/www.ozap.com\/actu\/plus-d-emissions-retour-des-anciens-plus-de-virtuoses-faustine-bollaert-devoile-les-nouveautes-de-la-saison-10-de-prodiges-sur-france-2\/640954\" target=\"_blank\" rel=\"noopener\">\u00ab\u00a0Prodiges\u00a0\u00bb, toujours pr\u00e9sent\u00e9e par Faustine Bollaert<\/a>, s&rsquo;est achev\u00e9e ce jeudi 1er janvier 2026 sur France 2. Douze jeunes talents \u00e9taient en comp\u00e9tition pour cette grande finale. Francesco, Lyam, Maya et Xiaorao dans la cat\u00e9gorie Instruments, C\u00e9sar, Lily-Rose, Tylan et Tim\u00e9a dans la cat\u00e9gorie danse et Nelson, Lola, Mina et Thalia dans la cat\u00e9gorie chant. \u00c0 la fin de la premi\u00e8re partie de l&rsquo;\u00e9mission, le jury compos\u00e9 du violoncelliste Gautier Capu\u00e7on, de la danseuse Marie-Claude Pietragalla et de la cantatrice Julie Fuchs a choisi dans sa cat\u00e9gorie celui ou celle qu&rsquo;il\/elle voulait emmener jusqu&rsquo;au bout.<\/p>\n<p>Qui a gagn\u00e9 la saison 12 de \u00ab\u00a0Prodiges\u00a0\u00bb ?<\/p>\n<p>Le violoncelliste est d&rsquo;abord mont\u00e9 sur sc\u00e8ne pour d\u00e9voiler son choix : \u00ab\u00a0C&rsquo;est extr\u00eamement difficile. Mais en tout cas, je tenais \u00e0 vous dire un immense merci \u00e0 tous les quatre d&rsquo;avoir partag\u00e9 tant d&rsquo;\u00e9motions, de fougues, de joies, de musiques\u2026 On en a tellement besoin. Il y a un gagnant et c&rsquo;est Lyam\u00a0\u00bb. \u00ab\u00a0Bravo \u00e0 tous les quatre. Vous avez chacun, aujourd&rsquo;hui, eu l&rsquo;occasion de grandir, de vous am\u00e9liorer et de d\u00e9couvrir des choses de vous et de votre chant. Donc bravo. Nous avons choisi d&rsquo;accueillir parmi les prodiges Lola\u00a0\u00bb, a ensuite d\u00e9clar\u00e9 la cantatrice. Enfin, <a href=\"https:\/\/www.ozap.com\/actu\/marie-claude-pietragalla-quitte-danse-avec-les-stars\/531077\" target=\"_blank\" rel=\"noopener\">l&rsquo;ancienne juge de \u00ab\u00a0Danse avec les stars\u00a0\u00bb sur TF1<\/a> a donn\u00e9 le nom du troisi\u00e8me s\u00e9lectionn\u00e9 : \u00ab\u00a0C&rsquo;est un moment toujours tr\u00e8s difficile. J&rsquo;ai envie de vous dire \u00e0 tous les quatre que vous avez \u00e9t\u00e9 magnifiques. Merci de d\u00e9fendre la danse comme vous le faites. Ne l\u00e2chez jamais. Il faut avoir un id\u00e9al et aller m\u00eame au-del\u00e0 de cet id\u00e9al. Vous \u00eates quatre, mais il n&rsquo;en faut qu&rsquo;un ou une et ce sera Tim\u00e9a\u00a0\u00bb.<\/p>\n<p>Lyam, Lola et Tim\u00e9a ont donc \u00e9t\u00e9 d\u00e9sign\u00e9s comme les ultimes prodiges de cette saison 12. Quelques instants plus tard, apr\u00e8s une derni\u00e8re performance de chacun des finalistes, <a href=\"https:\/\/www.ozap.com\/personnalite\/faustine-bollaert_e11994\" target=\"_blank\" rel=\"noopener\">Faustine Bollaert<\/a> a annonc\u00e9 que Lyam, violoncelliste de 15 ans venu de Suisse, \u00e9tait sacr\u00e9 grand gagnant. L&rsquo;adolescent, qui a conquis une derni\u00e8re fois le jury sur l&rsquo;air de \u00ab\u00a0Caruso\u00a0\u00bb, de Lucio Dalla, remporte donc le titre ultime de prodige de l&rsquo;ann\u00e9e 2025 et la bourse d&rsquo;\u00e9tude de 10.000 euros qui l&rsquo;accompagne.<\/p>\n<p>        <img decoding=\"async\" class=\"thumb-img-100 thumb-img\" src=\"https:\/\/www.europesays.com\/fr\/wp-content\/uploads\/2026\/01\/4260cc324c8dee96-320x180-1.jpg\" alt=\"Audiences : Quel bilan pour la 11e saison de &quot;Prodiges&quot;, le concours anim\u00e9 par Faustine Bollaert sur France 2 ?\" width=\"320\" height=\"180\" loading=\"lazy\" role=\"presentation\"\/><\/p>\n<p>                                            Audiences : Quel bilan pour la 11e saison de \u00ab\u00a0Prodiges\u00a0\u00bb, le concours anim\u00e9 par Faustine Bollaert sur France 2 ?<\/p>\n<p>        <img decoding=\"async\" class=\"thumb-img-100 thumb-img\" src=\"https:\/\/www.europesays.com\/fr\/wp-content\/uploads\/2026\/01\/4698463-bande-annonce-de-la-saison-10-de-prodig-320x180-6.jpg\" alt=\"Audiences : Quel bilan pour la saison 10 de &quot;Prodiges&quot; anim\u00e9e par Faustine Bollaert sur France 2 ?\" width=\"320\" height=\"180\" loading=\"lazy\" role=\"presentation\"\/><\/p>\n<p>                                            Audiences : Quel bilan pour la saison 10 de \u00ab\u00a0Prodiges\u00a0\u00bb anim\u00e9e par Faustine Bollaert sur France 2 ?<\/p>\n<p>        <img decoding=\"async\" class=\"thumb-img-100 thumb-img\" src=\"https:\/\/www.europesays.com\/fr\/wp-content\/uploads\/2026\/01\/2d37471232a3b0ca-320x180-1.jpeg\" alt=\"\u201cOn ne refait jamais de prises\u201d : Faustine Bollaert raconte les coulisses du tournage de la saison 11 de &quot;Prodiges&quot; sur France 2\" width=\"320\" height=\"180\" loading=\"lazy\" role=\"presentation\"\/><\/p>\n<p>                                            \u201cOn ne refait jamais de prises\u201d : Faustine Bollaert raconte les coulisses du tournage de la saison 11 de \u00ab\u00a0Prodiges\u00a0\u00bb sur France 2<\/p>\n","protected":false},"excerpt":{"rendered":"Par Mathis Ferrut | Journaliste Passionn\u00e9 par le monde des m\u00e9dias depuis sa tendre enfance, la t\u00e9l\u00e9vision et&hellip;\n","protected":false},"author":2,"featured_media":635395,"comment_status":"","ping_status":"","sticky":false,"template":"","format":"standard","meta":{"footnotes":""},"categories":[1356],"tags":[58,59,1011,27,252,1364],"class_list":{"0":"post-635394","1":"post","2":"type-post","3":"status-publish","4":"format-standard","5":"has-post-thumbnail","7":"category-television","8":"tag-divertissement","9":"tag-entertainment","10":"tag-fr","11":"tag-france","12":"tag-television","13":"tag-tv"},"share_on_mastodon":{"url":"https:\/\/pubeurope.com\/@fr\/115823302873003637","error":""},"_links":{"self":[{"href":"https:\/\/www.europesays.com\/fr\/wp-json\/wp\/v2\/posts\/635394","targetHints":{"allow":["GET"]}}],"collection":[{"href":"https:\/\/www.europesays.com\/fr\/wp-json\/wp\/v2\/posts"}],"about":[{"href":"https:\/\/www.europesays.com\/fr\/wp-json\/wp\/v2\/types\/post"}],"author":[{"embeddable":true,"href":"https:\/\/www.europesays.com\/fr\/wp-json\/wp\/v2\/users\/2"}],"replies":[{"embeddable":true,"href":"https:\/\/www.europesays.com\/fr\/wp-json\/wp\/v2\/comments?post=635394"}],"version-history":[{"count":0,"href":"https:\/\/www.europesays.com\/fr\/wp-json\/wp\/v2\/posts\/635394\/revisions"}],"wp:featuredmedia":[{"embeddable":true,"href":"https:\/\/www.europesays.com\/fr\/wp-json\/wp\/v2\/media\/635395"}],"wp:attachment":[{"href":"https:\/\/www.europesays.com\/fr\/wp-json\/wp\/v2\/media?parent=635394"}],"wp:term":[{"taxonomy":"category","embeddable":true,"href":"https:\/\/www.europesays.com\/fr\/wp-json\/wp\/v2\/categories?post=635394"},{"taxonomy":"post_tag","embeddable":true,"href":"https:\/\/www.europesays.com\/fr\/wp-json\/wp\/v2\/tags?post=635394"}],"curies":[{"name":"wp","href":"https:\/\/api.w.org\/{rel}","templated":true}]}}