{"id":635398,"date":"2026-01-02T03:09:20","date_gmt":"2026-01-02T03:09:20","guid":{"rendered":"https:\/\/www.europesays.com\/fr\/635398\/"},"modified":"2026-01-02T03:09:20","modified_gmt":"2026-01-02T03:09:20","slug":"je-ne-suis-pas-tombe-amoureux-de-mon-role-harry-melling-dudley-se-confie-sur-limpact-de-la-saga-harry-potter-sur-sa-carriere","status":"publish","type":"post","link":"https:\/\/www.europesays.com\/fr\/635398\/","title":{"rendered":"\u00ab\u00a0Je ne suis pas tomb\u00e9 amoureux de mon r\u00f4le\u00a0\u00bb : Harry Melling (Dudley) se confie sur l&rsquo;impact de la saga Harry Potter sur sa carri\u00e8re"},"content":{"rendered":"<p>R\u00e9v\u00e9l\u00e9 au public gr\u00e2ce \u00e0 son personnage de Dudley dans Harry Potter, Harry Melling a fait des confidences sur l&rsquo;impact de la saga sur sa carri\u00e8re. Quoi qu&rsquo;il fasse, il restera \u00e0 tout jamais l&rsquo;horrible cousin du plus c\u00e9l\u00e8bre des sorciers.<\/p>\n<p>La saga Harry Potter a \u00e9t\u00e9 un incroyable tremplin pour les acteurs principaux, qui sont <a href=\"https:\/\/www.programme-tv.net\/biographie\/10233-radcliffe-daniel\/\" data-link-people=\"09c59fcf-c702-46aa-928a-dbfd6e416904\" target=\"_blank\" rel=\"noopener\">Daniel Radcliffe<\/a> (Harry Potter), <a href=\"https:\/\/www.programme-tv.net\/news\/cinema\/388177-ca-me-manque-terriblement-emma-watson-bientot-de-retour-au-cinema-elle-se-confie-sur-sa-carriere-d-actrice\/\" data-api-deeplink=\"teleloisirs:\/\/news\/388177\" target=\"_blank\" rel=\"noopener\">Emma Watson (Hermione), qui s&rsquo;est tout de m\u00eame \u00e9loign\u00e9e des plateaux de tournage depuis 2019<\/a>, ou encore <a href=\"https:\/\/www.programme-tv.net\/biographie\/10234-grint-rupert\/\" data-link-people=\"b0378d8a-6425-4582-82fd-6d031f4d82aa\" target=\"_blank\" rel=\"noopener\">Rupert Grint<\/a> (Ron), mais pas que&#8230; Les com\u00e9diens qui jouaient les personnages secondaires ont \u00e9galement profit\u00e9 de l&rsquo;incroyable succ\u00e8s de la franchise pour voir leur carri\u00e8re d\u00e9coller. C&rsquo;est notamment le cas d&rsquo;<a href=\"https:\/\/www.programme-tv.net\/news\/cinema\/313880-harry-potter-harry-melling-dudley-dursley-est-meconnaissable-photo\/\" data-api-deeplink=\"teleloisirs:\/\/news\/313880\" target=\"_blank\" rel=\"noopener\">Harry Melling, l&rsquo;interpr\u00e8te de Dudley, qui a beaucoup chang\u00e9 <\/a>depuis le premier film Harry Potter sorti en 2001.<a href=\"https:\/\/www.programme-tv.net\/news\/cinema\/394337-apres-avoir-joue-dudley-dans-harry-potter-harry-melling-revient-au-cinema-et-il-a-bien-change\/\" data-api-deeplink=\"teleloisirs:\/\/news\/394337\" target=\"_blank\" rel=\"noopener\"> Le 1er avril 2026, le com\u00e9dien va d&rsquo;ailleurs faire son grand retour au cin\u00e9ma dans le drame \u00e9rotique, Pillion, o\u00f9 il tient le r\u00f4le principal.<\/a><\/p>\n<p>Si Harry Melling continue son petit bonhomme de chemin, le personnage de Dudley lui colle forc\u00e9ment \u00e0 la peau. Lors d&rsquo;une interview accord\u00e9e au<a href=\"https:\/\/www.hollywoodreporter.com\/movies\/movie-features\/harry-melling-pillion-feature-harry-potter-buster-scruggs-1236451084\/\" target=\"_blank\" rel=\"noopener\"> Hollywood Reporter<\/a>, l&rsquo;acteur est revenu sur ses propos tenus en novembre dernier dans le magazine GQ britannique o\u00f9 il expliquait avoir pass\u00e9 \u00ab\u00a0toute sa vie \u00e0 fuir Harry Potter\u00a0\u00bb. Il s&rsquo;est justifi\u00e9 en ajoutant : \u00ab\u00a0S&rsquo;imposer aussi t\u00f4t dans une franchise aussi immense, \u00e7a n&rsquo;a jamais \u00e9t\u00e9 un objectif. \u00c0 10 ans, ou peu importe, il y avait tellement d&rsquo;autres choses \u00e0 faire.\u00a0\u00bb M\u00eame s&rsquo;il \u00e9tait jeune, Harry Melling savait d\u00e9j\u00e0 \u00e0 l&rsquo;\u00e9poque que \u00ab\u00a0se retrouver pi\u00e9g\u00e9 dans le r\u00f4le d&rsquo;enfant acteur\u00a0\u00bb  limiterait les \u00ab\u00a0autres choses\u00a0\u00bb qu&rsquo;il souhaitait faire dans sa carri\u00e8re.<\/p>\n<p>                        \u00ab\u00a0J&rsquo;ai toujours r\u00eav\u00e9 d&rsquo;une grande carri\u00e8re\u00a0\u00bb, confie Harry Melling<\/p>\n<p>L&rsquo;acteur a ensuite fait une r\u00e9v\u00e9lation de taille sur le r\u00f4le de Dudley. \u00ab\u00a0Le m\u00e9tier d&rsquo;enfant acteur souffre parfois d&rsquo;une image n\u00e9gative (&#8230;) <b>Je ne suis pas tomb\u00e9 amoureux de mon r\u00f4le dans Harry Potter<\/b>, je suis tomb\u00e9 amoureux de l&rsquo;id\u00e9e que les gens puissent \u00eatre multiples, et c&rsquo;est ce \u00e0 quoi je voulais consacrer ma vie. C&rsquo;\u00e9tait pr\u00e9cieux \u00e0 mes yeux et je tenais vraiment \u00e0 tenter ma chance\u00a0\u00bb, a-t-il dit avant d&rsquo;ajouter : \u00ab\u00a0J&rsquo;ai toujours r\u00eav\u00e9 d&rsquo;une grande carri\u00e8re et d&rsquo;explorer diff\u00e9rents domaines.\u00a0\u00bb<\/p>\n<p>Article \u00e9crit avec la collaboration de 6m\u00e9dias.<\/p>\n","protected":false},"excerpt":{"rendered":"R\u00e9v\u00e9l\u00e9 au public gr\u00e2ce \u00e0 son personnage de Dudley dans Harry Potter, Harry Melling a fait des confidences&hellip;\n","protected":false},"author":2,"featured_media":635399,"comment_status":"","ping_status":"","sticky":false,"template":"","format":"standard","meta":{"footnotes":""},"categories":[1354],"tags":[253,4548,244,58,59,1346,1011,27,74300,6610,25561,1360,36266,74301],"class_list":{"0":"post-635398","1":"post","2":"type-post","3":"status-publish","4":"format-standard","5":"has-post-thumbnail","7":"category-films","8":"tag-acteur","9":"tag-channel_tl-story","10":"tag-commentaire","11":"tag-divertissement","12":"tag-entertainment","13":"tag-films","14":"tag-fr","15":"tag-france","16":"tag-guid_6204717451001","17":"tag-harry-potter","18":"tag-harry-potter-u00e0-lu00e9cole-des-sorciers","19":"tag-movies","20":"tag-sorties-cinu00e9ma","21":"tag-uuid_79213d70-516e-4ca1-a7d1-d5c577786492"},"share_on_mastodon":{"url":"https:\/\/pubeurope.com\/@fr\/115823310397377569","error":""},"_links":{"self":[{"href":"https:\/\/www.europesays.com\/fr\/wp-json\/wp\/v2\/posts\/635398","targetHints":{"allow":["GET"]}}],"collection":[{"href":"https:\/\/www.europesays.com\/fr\/wp-json\/wp\/v2\/posts"}],"about":[{"href":"https:\/\/www.europesays.com\/fr\/wp-json\/wp\/v2\/types\/post"}],"author":[{"embeddable":true,"href":"https:\/\/www.europesays.com\/fr\/wp-json\/wp\/v2\/users\/2"}],"replies":[{"embeddable":true,"href":"https:\/\/www.europesays.com\/fr\/wp-json\/wp\/v2\/comments?post=635398"}],"version-history":[{"count":0,"href":"https:\/\/www.europesays.com\/fr\/wp-json\/wp\/v2\/posts\/635398\/revisions"}],"wp:featuredmedia":[{"embeddable":true,"href":"https:\/\/www.europesays.com\/fr\/wp-json\/wp\/v2\/media\/635399"}],"wp:attachment":[{"href":"https:\/\/www.europesays.com\/fr\/wp-json\/wp\/v2\/media?parent=635398"}],"wp:term":[{"taxonomy":"category","embeddable":true,"href":"https:\/\/www.europesays.com\/fr\/wp-json\/wp\/v2\/categories?post=635398"},{"taxonomy":"post_tag","embeddable":true,"href":"https:\/\/www.europesays.com\/fr\/wp-json\/wp\/v2\/tags?post=635398"}],"curies":[{"name":"wp","href":"https:\/\/api.w.org\/{rel}","templated":true}]}}