{"id":6354,"date":"2025-04-06T22:14:03","date_gmt":"2025-04-06T22:14:03","guid":{"rendered":"https:\/\/www.europesays.com\/fr\/6354\/"},"modified":"2025-04-06T22:14:03","modified_gmt":"2025-04-06T22:14:03","slug":"cyclisme-championnats-de-france-les-france-en-juin-aux-herbiers-parcours-et-profil","status":"publish","type":"post","link":"https:\/\/www.europesays.com\/fr\/6354\/","title":{"rendered":"Cyclisme. Championnats de France &#8211; Les France en juin aux Herbiers&#8230; parcours et profil"},"content":{"rendered":"<p>Dix ans apr\u00e8s l&rsquo;\u00e9dition 2025 organis\u00e9e \u00e0 Chantonnay, la Vend\u00e9e va de nouveau accueillir les <strong>Championnats de France de cyclisme sur route<\/strong>, du jeudi 26 au dimanche 29 juin 2025 ! L&rsquo;\u00e9v\u00e8nement aura lieu plus pr\u00e9cis\u00e9ment aux Herbiers, c\u00e9l\u00e8bre pour son <strong>Chrono des Nations<\/strong> qui conclut la saison cycliste chaque ann\u00e9e. Et la <strong>F\u00e9d\u00e9ration Fran\u00e7aise de Cyclisme<\/strong> (FFC) a r\u00e9v\u00e9l\u00e9 ce samedi les parcours et profils des \u00e9preuves contre-la-montre et en ligne qui se tiendront lors des quatre jours de comp\u00e9tition. Le\u00a0Mont des Alouettes (2,2 km \u00e0 4,7%) sera comme pr\u00e9vu la star du circuit trac\u00e9 autour de la ville vend\u00e9enne, avec une arriv\u00e9e jug\u00e9e \u00e0 son sommet qui devrait faire le bonheur des meilleurs puncheurs tricolores !<\/p>\n<p>Vid\u00e9o &#8211; Paul Lapeira sacr\u00e9 champion de France sur route 2024 Lire la suite de l&rsquo;article&#13;<\/p>\n<p>\u00a0<\/p>\n<p>&#13;<br \/>\nUn circuit de 16,5 km&#8230; le Mont des Alouettes en juge de paix&#13;<\/p>\n<p>Comme chaque ann\u00e9e, on d\u00e9butera bien \u00e9videmment les r\u00e9jouissances avec les \u00e9preuves chronom\u00e9tr\u00e9es, qui auront toutes lieu le jeudi 26 juin. Un total de 26,5 km seront \u00e0 parcourir pour conna\u00eetre les successeurs de <strong>Bruno Armirail<\/strong> (Decathlon AG2R La Mondiale) et <strong>Audrey Cordon-Ragot<\/strong> (retrait\u00e9e), avec un d\u00e9part depuis la mairie des Herbiers et une arriv\u00e9e au sommet du Mont des Alouettes (mont\u00e9 en sens inverse par rapport \u00e0 l&rsquo;arriv\u00e9e de la course en ligne). La premi\u00e8re partie est plut\u00f4t plane, avant une seconde moiti\u00e9 plus vallonn\u00e9e avec pr\u00e8s de 400 m\u00e8tres de d\u00e9nivel\u00e9 au menu.<\/p>\n<p>&#13;<\/p>\n<p>En ce qui concerne les courses en ligne,\u00a0un circuit de 16,5 km servira pour toutes les cat\u00e9gories, avec la fameuse arriv\u00e9e au sommet du Mont des Alouettes comme unique difficult\u00e9 pour 220 m\u00e8tres de d\u00e9nivel\u00e9. Apr\u00e8s les \u00e9preuves amateures le vendredi, les femmes se disputeront le maillot bleu-blanc-rouge le samedi 28 juin et auront 7 tours de circuit \u00e0 effectuer, soit 115,5 km et 1540 m de d\u00e9nivel\u00e9 au total. Les hommes devront eux parcourir deux fois plus de chemin le dimanche 29 juin, soit 14 tours de circuit pour 231 km et 3080 m de d\u00e9nivel\u00e9. <strong>Juliette Labous<\/strong> (FDJ-SUEZ) et <strong>Paul Lapeira<\/strong> (Decathlon AG2R La Mondiale) remettront leurs titres en jeu.<\/p>\n<p>&#13;<\/p>\n<p style=\"text-align: center;\">\n<p>&#13;<\/p>\n<p>\u00a0<\/p>\n<p>&#13;<br \/>\nLe programme :&#13;<\/p>\n<p><strong>&#8211; Jeudi 26 juin<\/strong> : <br \/>Contre-la-montre Amateurs et \u00c9lites, Femmes et Hommes (26,5 km &#8211; 400m D+)<\/p>\n<p>&#13;<\/p>\n<p><strong>&#8211; Vendredi 27 juin<\/strong> : <br \/>Course en ligne Amateurs Femmes (99 km &#8211; 6 tours &#8211; 1320m D+)<br \/>Course en ligne Amateurs Hommes (165 km &#8211; 10 tours &#8211; 2200m D+)<\/p>\n<p>&#13;<\/p>\n<p><strong>&#8211; Samedi 28 juin<\/strong> : <br \/>Course en ligne \u00c9lite Femmes (115,5 km &#8211; 7 tours &#8211; 1540m D+)<\/p>\n<p>&#13;<\/p>\n<p><strong>&#8211; Dimanche 29 juin<\/strong> : <br \/>Course en ligne \u00c9lite Hommes (231 km &#8211; 14 tours &#8211; 3080m D+)<\/p>\n<p>&#13;<\/p>\n<p style=\"text-align: center;\">\n<p>&#13;<\/p>\n<p>\u00a0<\/p>\n<p>&#13;<br \/>\nLes parcours des Championnats de France 2025 aux Herbiers&#13;<\/p>\n<p><strong>Contre-la-montre\u00a0(26,5 km)<\/strong><\/p>\n<p>&#13;<\/p>\n<p><img decoding=\"async\" src=\"https:\/\/www.europesays.com\/fr\/wp-content\/uploads\/2025\/04\/chronofrance.jpg\" style=\"max-width:100%;max-height:100%;\" alt=\"image\" loading=\"lazy\"\/><\/p>\n<p>&#13;<\/p>\n<p>\u00a0<\/p>\n<p>&#13;<\/p>\n<p><strong>Courses en ligne (circuit de 16,5 km)<\/strong><\/p>\n<p>&#13;<\/p>\n<p><img decoding=\"async\" src=\"https:\/\/www.europesays.com\/fr\/wp-content\/uploads\/2025\/04\/frg.jpg\" style=\"max-width:100%;max-height:100%;\" alt=\"image\" loading=\"lazy\"\/><\/p>\n","protected":false},"excerpt":{"rendered":"Dix ans apr\u00e8s l&rsquo;\u00e9dition 2025 organis\u00e9e \u00e0 Chantonnay, la Vend\u00e9e va de nouveau accueillir les Championnats de France&hellip;\n","protected":false},"author":2,"featured_media":6355,"comment_status":"","ping_status":"","sticky":false,"template":"","format":"standard","meta":{"footnotes":""},"categories":[1411],"tags":[3714,1154,207,211,1011,27,209,60,210,212,208,213],"class_list":{"0":"post-6354","1":"post","2":"type-post","3":"status-publish","4":"format-standard","5":"has-post-thumbnail","7":"category-cyclisme","8":"tag-championnats-de-france","9":"tag-cycling","10":"tag-cyclisme","11":"tag-ffc","12":"tag-fr","13":"tag-france","14":"tag-route","15":"tag-sports","16":"tag-tour-de-france","17":"tag-uci","18":"tag-velo","19":"tag-world-tour"},"share_on_mastodon":{"url":"https:\/\/pubeurope.com\/@fr\/114293326752005789","error":""},"_links":{"self":[{"href":"https:\/\/www.europesays.com\/fr\/wp-json\/wp\/v2\/posts\/6354","targetHints":{"allow":["GET"]}}],"collection":[{"href":"https:\/\/www.europesays.com\/fr\/wp-json\/wp\/v2\/posts"}],"about":[{"href":"https:\/\/www.europesays.com\/fr\/wp-json\/wp\/v2\/types\/post"}],"author":[{"embeddable":true,"href":"https:\/\/www.europesays.com\/fr\/wp-json\/wp\/v2\/users\/2"}],"replies":[{"embeddable":true,"href":"https:\/\/www.europesays.com\/fr\/wp-json\/wp\/v2\/comments?post=6354"}],"version-history":[{"count":0,"href":"https:\/\/www.europesays.com\/fr\/wp-json\/wp\/v2\/posts\/6354\/revisions"}],"wp:featuredmedia":[{"embeddable":true,"href":"https:\/\/www.europesays.com\/fr\/wp-json\/wp\/v2\/media\/6355"}],"wp:attachment":[{"href":"https:\/\/www.europesays.com\/fr\/wp-json\/wp\/v2\/media?parent=6354"}],"wp:term":[{"taxonomy":"category","embeddable":true,"href":"https:\/\/www.europesays.com\/fr\/wp-json\/wp\/v2\/categories?post=6354"},{"taxonomy":"post_tag","embeddable":true,"href":"https:\/\/www.europesays.com\/fr\/wp-json\/wp\/v2\/tags?post=6354"}],"curies":[{"name":"wp","href":"https:\/\/api.w.org\/{rel}","templated":true}]}}