{"id":635408,"date":"2026-01-02T03:15:16","date_gmt":"2026-01-02T03:15:16","guid":{"rendered":"https:\/\/www.europesays.com\/fr\/635408\/"},"modified":"2026-01-02T03:15:16","modified_gmt":"2026-01-02T03:15:16","slug":"donald-trump-a-organise-sa-fete-de-nouvel-an-en-floride-et-elle-ne-pouvait-pas-plus-lui-ressembler","status":"publish","type":"post","link":"https:\/\/www.europesays.com\/fr\/635408\/","title":{"rendered":"Donald Trump a organis\u00e9 sa f\u00eate de Nouvel An en Floride, et elle ne pouvait pas plus lui ressembler"},"content":{"rendered":"<p>        <img decoding=\"async\" loading=\"lazy\" src=\"https:\/\/www.europesays.com\/fr\/wp-content\/uploads\/2026\/01\/10a772c_upload-1-osh4hcji0w6t-afp-20260101-89dj7qe-v1-highres-ustrumppoliticsnewyear.jpg\"  width=\"728\" height=\"410\" alt=\"Donald Trump a organis\u00e9 sa f\u00eate de Nouvel An en Floride, et elle ne pouvait pas plus lui ressembler.\"\/>  <\/p>\n<p>JIM WATSON \/ AFP<\/p>\n<p>Donald Trump a organis\u00e9 sa f\u00eate de Nouvel An en Floride, et elle ne pouvait pas plus lui ressembler.<\/p>\n<p>      <strong>EN BREF<\/strong> <strong>\u2022 <\/strong>Donald Trump a c\u00e9l\u00e9br\u00e9 le Nouvel An \u00e0 Mar-a-Lago, r\u00e9unissant des figures de la droite radicale. M\u00eame le Premier ministre Benjamin Netanyahu \u00e9tait pr\u00e9sent.<br \/><strong>\u2022 <\/strong>La soir\u00e9e, marqu\u00e9e par une ambiance patriote, a inclus un happening artistique avec un portrait du Christ vendu aux ench\u00e8res.<br \/><strong>\u2022 <\/strong>Lors de son discours, Trump a critiqu\u00e9 les d\u00e9mocrates mais a assur\u00e9 que \u00ab\u00a0nous allons passer une excellente nouvelle ann\u00e9e\u00a0\u00bb.                         <\/p>\n<p class=\"asset asset-text\">Mar-a-Lago \u00e9tait \u00ab\u00a0the place to be\u00a0\u00bb pour la galaxie MAGA. Le <a href=\"https:\/\/www.huffingtonpost.fr\/international\/article\/donald-trump-promettait-le-jour-de-la-liberation-il-a-effectivement-libere-les-americains-de-leur-job_258645.html\" target=\"_blank\" rel=\"noopener\" title=\"Nouvelle fen\u00eatre\">bilan mitig\u00e9 de son d\u00e9but de mandat<\/a> n\u2019a pas emp\u00each\u00e9 Donald Trump de f\u00eater le Nouvel An dans sa luxueuse r\u00e9sidence pr\u00e8s de Palm Beach en Floride, une tradition pour le pr\u00e9sident am\u00e9ricain depuis plus de 20\u00a0ans. Courue des c\u00e9l\u00e9brit\u00e9s par le pass\u00e9, cette soir\u00e9e reste r\u00e9serv\u00e9e \u00e0 une \u00e9lite\u00a0: il fallait d\u00e9bourser 1\u00a0450\u00a0dollars pour un billet, rapporte <a href=\"https:\/\/edition.cnn.com\/2025\/12\/31\/politics\/mar-a-lago-new-years-eve-party-trump\" target=\"_blank\" rel=\"noopener\" title=\"Nouvelle fen\u00eatre\">CNN<\/a>.<\/p>\n<p class=\"asset asset-text\">Comme d\u2019autres m\u00e9dias anglophones, la cha\u00eene de t\u00e9l\u00e9vision a fait le r\u00e9cit du r\u00e9veillon de Donald Trump, qui n\u2019aurait pas pu \u00eatre plus \u00e0 son image. Avant le virage politique du milliardaire, la tenniswoman Serena Williams et le golfeur Tiger Woods \u00e9taient venus f\u00eater la nouvelle ann\u00e9e \u00e0 Mar-a-Lago. Mais cette ann\u00e9e, les invit\u00e9s \u00e9taient pour la plupart issus de l\u2019extr\u00eame droite am\u00e9ricaine.<\/p>\n<p class=\"asset asset-text\">La secr\u00e9taire \u00e0 la S\u00e9curit\u00e9 int\u00e9rieure <a href=\"https:\/\/www.huffingtonpost.fr\/international\/video\/la-mise-en-scene-sinistre-de-kristi-noem-devant-une-mega-prison-du-salvador-pour-parler-aux-migrants_248015.html\" target=\"_blank\" rel=\"noopener\">Kristi Noem<\/a>, la procureure f\u00e9d\u00e9rale de Washington D.C <a href=\"https:\/\/www.huffingtonpost.fr\/international\/article\/donald-trump-nomme-une-nouvelle-vedette-de-fox-news-a-un-poste-cle-de-la-justice-americaine_253231.html\" target=\"_blank\" rel=\"noopener\">Jeanine Pirro<\/a>, l\u2019ex-maire de New York Rudy Giuliani et les enfants du pr\u00e9sident, Eric et Donald Jr., \u00e9taient tous pr\u00e9sents. L\u2019invit\u00e9 le plus notable reste <a href=\"https:\/\/www.huffingtonpost.fr\/international\/article\/netanyahu-decerne-le-prix-de-la-paix-israelien-a-trump-et-rompt-pour-cela-avec-une-vieille-tradition_258710.html\" target=\"_blank\" rel=\"noopener\">Benjamin Netanyahu<\/a>, qui appara\u00eet sur plusieurs images de la soir\u00e9e diffus\u00e9es sur les r\u00e9seaux sociaux.<\/p>\n<p class=\"asset asset-text\">Le Premier ministre isra\u00e9lien s\u2019\u00e9tait rendu en Floride pour <a href=\"https:\/\/www.huffingtonpost.fr\/international\/article\/ce-qu-il-faut-retenir-de-la-rencontre-entre-donald-trump-et-benjamin-netanyahu-a-mar-a-lago_258708.html\" target=\"_blank\" rel=\"noopener\">une rencontre avec Donald Trump<\/a> lundi \u00e0 Palm Beach pour discuter de la tr\u00eave \u00e0 Gaza et au Moyen-Orient. Le pr\u00e9sident am\u00e9ricain avait alors plaisant\u00e9 sur le fait qu\u2019il pourrait participer \u00e0 la f\u00eate.<\/p>\n<p>    J\u00e9sus g\u00e9ant, tubes patriotes et menaces contre les d\u00e9mocrates    <\/p>\n<p class=\"asset asset-text\">C\u00f4t\u00e9 musique, l\u2019ambiance se voulait r\u00e9solument patriote. CNN rapporte que des musiciens \u00ab\u00a0jouaient en boucle\u00a0\u00bb la chanson God Bless America et l\u2019hymne \u00e9tasunien, le Star-Spangled Banner (\u00ab\u00a0La Banni\u00e8re \u00e9toil\u00e9e\u00a0\u00bb). La soir\u00e9e a aussi \u00e9t\u00e9 marqu\u00e9e par un happening de Vanessa Horabuena, qui se pr\u00e9sente sur son site comme une \u00ab\u00a0artiste chr\u00e9tienne de louange\u00a0\u00bb (\u00ab\u00a0Christian Worship Artist\u00a0\u00bb en VO).<\/p>\n<p class=\"asset asset-text\"><strong>Comme vous pouvez le voir ci-dessous<\/strong>, elle est mont\u00e9e sur sc\u00e8ne pour peindre en direct et en quelques minutes un \u00e9norme portrait du Christ, que Donald Trump a sign\u00e9 avant qu\u2019il ne soit vendu aux ench\u00e8res pour plus de 2,5\u00a0millions de dollars. \u00ab\u00a0Dessinez quelque chose de vraiment sp\u00e9cial, lui avait demand\u00e9 le pr\u00e9sident am\u00e9ricain avant la d\u00e9monstration, je ne sais pas ce que c\u2019est, mais dessinez quelque chose de vraiment sp\u00e9cial\u00a0\u00bb.<\/p>\n<p> La lecture de ce contenu est susceptible d\u2019entra\u00eener un d\u00e9p\u00f4t de cookies de la part de l\u2019op\u00e9rateur tiers qui l\u2019h\u00e9berge. Compte-tenu des choix que vous avez exprim\u00e9s en mati\u00e8re de d\u00e9p\u00f4t de cookies, nous avons bloqu\u00e9 l\u2019affichage de ce contenu. Si vous souhaitez y acc\u00e9der, vous devez accepter la cat\u00e9gorie de cookies \u201cContenus tiers\u201d en cliquant sur le bouton ci-dessous. <\/p>\n<p> Lire la Vid\u00e9o        <\/p>\n<p class=\"asset asset-text\">\u00c9gal \u00e0 lui-m\u00eame, Donald Trump a profit\u00e9 de son discours du Nouvel An pour appeler \u00e0 \u00ab\u00a0la paix sur Terre\u00a0\u00bb&#8230; et pour taper sur les d\u00e9mocrates. D\u2019apr\u00e8s le journal britannique <a href=\"https:\/\/www.independent.co.uk\/news\/world\/americas\/us-politics\/trump-fraud-minnesota-mar-a-lago-speech-nye-b2893008.html\" target=\"_blank\" rel=\"noopener\" title=\"Nouvelle fen\u00eatre\">The Independent<\/a>, le pr\u00e9sident am\u00e9ricain a assur\u00e9 que les \u00c9tats dirig\u00e9s par l\u2019opposition pourraient bient\u00f4t faire l\u2019objet d\u2019une enqu\u00eate. \u00ab\u00a0On va r\u00e9cup\u00e9rer notre pays, vous vous rendez compte qu\u2019ils ont vol\u00e9 18\u00a0milliards [de dollars]\u00a0?\u00a0\u00bb, a-t-il lanc\u00e9. Une somme qui correspond au montant allou\u00e9 au Minnesota par l\u2019\u00c9tat f\u00e9d\u00e9ral depuis 2018\u00a0pour la prise en charge des enfants (garderie, soins&#8230;).<\/p>\n<p class=\"asset asset-text\">Une r\u00e9f\u00e9rence \u00e0 l\u2019affaire de fraude dans les garderies publiques du Minnesota, d\u00e9j\u00e0 connue mais qui est devenue virale depuis qu\u2019un influenceur conservateur a publi\u00e9 une vid\u00e9o \u00e0 ce sujet vendredi dernier. Cette affaire de d\u00e9tournement de fonds publics a d\u00e9bouch\u00e9 sur l\u2019inculpation de 98 personnes, \u00ab\u00a0dont 85 d\u2019origine somalienne,\u00a0\u00bb a insist\u00e9 lundi la ministre de la Justice Pam Bondi. L\u2019administration a profit\u00e9 de cette affaire pour durcir sa politique migratoire, s\u2019en prendre aux Somaliens immigr\u00e9s, et insulter encore un peu plus les d\u00e9mocrates, qui contr\u00f4lent l\u2019\u00c9tat (le gouverneur est Tim Walz, colistier de Kamala Harris en 2024).<\/p>\n<p class=\"asset asset-text\">\u00ab\u00a0Nous allons tirer cette affaire au clair, c\u2019\u00e9tait une \u00e9norme escroquerie\u00a0\u00bb, a-t-il lanc\u00e9 avant d\u2019assurer\u00a0: \u00ab\u00a0\u00c0 part \u00e7a, nous allons passer une excellente nouvelle ann\u00e9e.\u00a0\u00bb Une promesse pleine d\u2019optimiste, alors que les sondages ne sont pas au beau-fixe pour le locataire de la Maison Blanche dont le parti est <a href=\"https:\/\/www.huffingtonpost.fr\/international\/article\/donald-trump-estime-avoir-cree-la-plus-grande-economie-mais-il-a-un-doute-pour-les-midterms-de-2026_258204.html\" target=\"_blank\" rel=\"noopener\">sur les dents \u00e0 l\u2019approche des \u00ab\u00a0midterms\u00a0\u00bb<\/a>, les \u00e9lections de mi-mandat qui sont g\u00e9n\u00e9ralement peu favorables \u00e0 la majorit\u00e9 sortante.<\/p>\n","protected":false},"excerpt":{"rendered":"JIM WATSON \/ AFP Donald Trump a organis\u00e9 sa f\u00eate de Nouvel An en Floride, et elle ne&hellip;\n","protected":false},"author":2,"featured_media":635409,"comment_status":"","ping_status":"","sticky":false,"template":"","format":"standard","meta":{"footnotes":""},"categories":[5],"tags":[11,75,73,1011,27,14,12,39117,28],"class_list":{"0":"post-635408","1":"post","2":"type-post","3":"status-publish","4":"format-standard","5":"has-post-thumbnail","7":"category-international","8":"tag-actualites","9":"tag-donald-trump","10":"tag-etats-unis","11":"tag-fr","12":"tag-france","13":"tag-international","14":"tag-news","15":"tag-nouvel-an","16":"tag-world"},"share_on_mastodon":{"url":"https:\/\/pubeurope.com\/@fr\/115823334148249641","error":""},"_links":{"self":[{"href":"https:\/\/www.europesays.com\/fr\/wp-json\/wp\/v2\/posts\/635408","targetHints":{"allow":["GET"]}}],"collection":[{"href":"https:\/\/www.europesays.com\/fr\/wp-json\/wp\/v2\/posts"}],"about":[{"href":"https:\/\/www.europesays.com\/fr\/wp-json\/wp\/v2\/types\/post"}],"author":[{"embeddable":true,"href":"https:\/\/www.europesays.com\/fr\/wp-json\/wp\/v2\/users\/2"}],"replies":[{"embeddable":true,"href":"https:\/\/www.europesays.com\/fr\/wp-json\/wp\/v2\/comments?post=635408"}],"version-history":[{"count":0,"href":"https:\/\/www.europesays.com\/fr\/wp-json\/wp\/v2\/posts\/635408\/revisions"}],"wp:featuredmedia":[{"embeddable":true,"href":"https:\/\/www.europesays.com\/fr\/wp-json\/wp\/v2\/media\/635409"}],"wp:attachment":[{"href":"https:\/\/www.europesays.com\/fr\/wp-json\/wp\/v2\/media?parent=635408"}],"wp:term":[{"taxonomy":"category","embeddable":true,"href":"https:\/\/www.europesays.com\/fr\/wp-json\/wp\/v2\/categories?post=635408"},{"taxonomy":"post_tag","embeddable":true,"href":"https:\/\/www.europesays.com\/fr\/wp-json\/wp\/v2\/tags?post=635408"}],"curies":[{"name":"wp","href":"https:\/\/api.w.org\/{rel}","templated":true}]}}