{"id":63541,"date":"2025-04-30T04:59:12","date_gmt":"2025-04-30T04:59:12","guid":{"rendered":"https:\/\/www.europesays.com\/fr\/63541\/"},"modified":"2025-04-30T04:59:12","modified_gmt":"2025-04-30T04:59:12","slug":"la-citoyennete-europeenne-nest-pas-a-vendre-la-justice-de-lue-ordonne-a-malte-de-mettre-fin-aux-passeports-dores-29-04-2025-a-1559","status":"publish","type":"post","link":"https:\/\/www.europesays.com\/fr\/63541\/","title":{"rendered":"\u00ab\u00a0La citoyennet\u00e9 europ\u00e9enne n&rsquo;est pas \u00e0 vendre\u00a0\u00bb : la justice de l&rsquo;UE ordonne \u00e0 Malte de mettre fin aux \u00ab\u00a0passeports dor\u00e9s\u00a0\u00bb &#8211; 29\/04\/2025 \u00e0 15:59"},"content":{"rendered":"<p> Bruxelles demandait depuis 2020 Malte de mettre fin \u00e0 cette pratique soup\u00e7onn\u00e9e de favoriser la corruption et le blanchiment d&rsquo;argent.<\/p>\n<p>        <img fetchpriority=\"high\" decoding=\"async\" src=\"https:\/\/www.europesays.com\/fr\/wp-content\/uploads\/2025\/04\/4c2f6c9dd1c6411d4c415e00a7f76abf-760x512.jpg\" alt=\"( AFP \/ JOHN THYS )\" loading=\"eager\" width=\"760\" height=\"512\" style=\"max-width: 100%!important; height: auto;\"\/><\/p>\n<p class=\"c-image-news__legend\">( AFP \/ JOHN THYS )<\/p>\n<p>\n Malte doit arr\u00eater d&rsquo;octroyer sa nationalit\u00e9 -et donc la possibilit\u00e9 de circuler et s&rsquo;installer librement dans l&rsquo;UE- \u00e0 de riches investisseurs en \u00e9change de paiements, a estim\u00e9 mardi la Cour de justice de l&rsquo;Union europ\u00e9enne (CJUE), qui voit dans ces \u00ab\u00a0passeports dor\u00e9s\u00a0\u00bb une violation du droit europ\u00e9en.\n<\/p>\n<p>\n Le gouvernement maltais a aussit\u00f4t<br \/>\n <strong><br \/>\n  promis de modifier sa l\u00e9gislation assurant \u00ab\u00a0toujours respecter\u00a0\u00bb les d\u00e9cisions des tribunaux.<br \/>\n <\/strong><br \/>\n \u00ab\u00a0\u00c0 ce stade, les implications juridiques sont \u00e9tudi\u00e9es en d\u00e9tail, afin que le cadre r\u00e9glementaire en mati\u00e8re de citoyennet\u00e9 puisse ensuite \u00eatre align\u00e9 sur les principes \u00e9nonc\u00e9s dans ce jugement\u00a0\u00bb, a-t-il affirm\u00e9 dans un communiqu\u00e9.\n<\/p>\n<p>\n Certaines personnes fortun\u00e9es \u00e9taient pr\u00eates \u00e0 consentir un gros effort financier pour d\u00e9crocher le s\u00e9same permettant de circuler et de s&rsquo;installer librement dans les 27 pays de l&rsquo;UE.\n<\/p>\n<p>\n La Commission europ\u00e9enne s&rsquo;est f\u00e9licit\u00e9e de l&rsquo;arr\u00eat contraignant et d\u00e9finitif rendu par la Cour de justice de l&rsquo;UE (CJUE) qui met fin \u00e0 des ann\u00e9es de controverses.<br \/>\n <strong><br \/>\n  \u00ab\u00a0La citoyennet\u00e9 europ\u00e9enne n&rsquo;est pas \u00e0 vendre\u00a0\u00bb<br \/>\n <\/strong><br \/>\n , a d\u00e9clar\u00e9 le porte-parole Markus Lammert, lors d&rsquo;une conf\u00e9rence de presse.\n<\/p>\n<p>\n Bruxelles avait ouvert en octobre 2020 une proc\u00e9dure d&rsquo;infraction contre le petit archipel m\u00e9diterran\u00e9en afin qu&rsquo;il mette fin \u00e0<br \/>\n <strong><br \/>\n  cette pratique soup\u00e7onn\u00e9e de favoriser la corruption et le blanchiment d&rsquo;argent.<br \/>\n <\/strong><br \/>\n En septembre 2022, Malte ayant refus\u00e9 de se conformer, la Commission avait saisi la CJUE.\n<\/p>\n<p> \u00ab\u00a0Commercialisation de l&rsquo;octroi de la nationalit\u00e9\u00a0\u00bb<\/p>\n<p>\n \u00ab\u00a0En mettant en \u0153uvre le programme de citoyennet\u00e9 par investissement, qui s&rsquo;apparente \u00e0 une commercialisation de l&rsquo;octroi de la nationalit\u00e9 (&#8230;), Malte a enfreint le droit de l&rsquo;Union\u00a0\u00bb, a estim\u00e9 la Cour bas\u00e9e \u00e0 Luxembourg, dans un arr\u00eat qui ne peut pas faire l&rsquo;objet d&rsquo;un appel.\n<\/p>\n<p>\n Malte devra se conformer \u00ab\u00a0dans les meilleurs d\u00e9lais\u00a0\u00bb, a soulign\u00e9 la Cour. Dans le cas contraire, la Commission pourra r\u00e9clamer des sanctions financi\u00e8res.\n<\/p>\n<p>\n L&rsquo;archipel \u00e9value<br \/>\n <strong><br \/>\n  \u00e0 1,4 milliard d&rsquo;euros les revenus tir\u00e9s de ce dispositif<br \/>\n <\/strong><br \/>\n depuis 2015 et souligne qu&rsquo;ils ont permis d&rsquo;am\u00e9liorer la qualit\u00e9 de vie des habitants gr\u00e2ce \u00e0 des investissements, notamment dans le logement ou la sant\u00e9.\n<\/p>\n<p>\n Mais \u00ab\u00a0un \u00c9tat membre ne peut pas accorder sa nationalit\u00e9 \u2013et, de fait, la citoyennet\u00e9 europ\u00e9enne\u2013 en \u00e9change de paiements ou d&rsquo;investissements pr\u00e9d\u00e9termin\u00e9s, car cela revient, pour l&rsquo;essentiel, \u00e0 faire de<br \/>\n <strong><br \/>\n  l&rsquo;acquisition de nationalit\u00e9 une simple transaction commerciale<br \/>\n <\/strong><br \/>\n \u00ab\u00a0, a expliqu\u00e9 la Cour.\n<\/p>\n<p> \u00ab\u00a0Refuge\u00a0\u00bb pour la corruption<\/p>\n<p>\n \u00ab\u00a0Le jugement confirme que les \u00c9tats membres ne peuvent pas marchandiser la citoyennet\u00e9 europ\u00e9enne\u00a0\u00bb, s&rsquo;est r\u00e9jouie Maira Martini, directrice g\u00e9n\u00e9rale de l&rsquo;ONG Transparency International. \u00ab\u00a0Ces programmes ont offert un refuge \u00e0 des acteurs corrompus du monde entier\u00a0\u00bb, a-t-elle affirm\u00e9.\n<\/p>\n<p>\n Malte a toujours plaid\u00e9 que l&rsquo;octroi de la nationalit\u00e9 relevait de sa seule comp\u00e9tence nationale.\n<\/p>\n<p>\n La CJUE a d&rsquo;ailleurs rappel\u00e9 mardi que chaque \u00c9tat membre \u00e9tait \u00ab\u00a0libre de d\u00e9finir les conditions selon lesquelles il accorde ou retire sa nationalit\u00e9\u00a0\u00bb. Mais<br \/>\n <strong><br \/>\n  \u00ab\u00a0cette libert\u00e9 doit \u00eatre exerc\u00e9e dans le respect du droit de l&rsquo;Union\u00a0\u00bb<br \/>\n <\/strong><br \/>\n , a-t-elle soulign\u00e9.\n<\/p>\n<p>\n Malte avait d\u00e9j\u00e0 suspendu le r\u00e9gime des \u00ab\u00a0passeports dor\u00e9s\u00a0\u00bb pour les ressortissants russes et b\u00e9larusses, apr\u00e8s le d\u00e9clenchement de la guerre men\u00e9e par Moscou en Ukraine, mais a continu\u00e9 de le mettre en \u0153uvre pour les ressortissants d&rsquo;autres pays, malgr\u00e9 les r\u00e9primandes de Bruxelles.\n<\/p>\n<p>\n La Commission europ\u00e9enne avait aussi lanc\u00e9 une proc\u00e9dure d&rsquo;infraction contre le syst\u00e8me de \u00ab\u00a0passeports dor\u00e9s\u00a0\u00bb \u00e0 Chypre, mais ce pays a accept\u00e9 d&rsquo;y mettre fin \u00e0 partir d&rsquo;octobre 2021.<\/p>\n","protected":false},"excerpt":{"rendered":"Bruxelles demandait depuis 2020 Malte de mettre fin \u00e0 cette pratique soup\u00e7onn\u00e9e de favoriser la corruption et le&hellip;\n","protected":false},"author":2,"featured_media":63542,"comment_status":"","ping_status":"","sticky":false,"template":"","format":"standard","meta":{"footnotes":""},"categories":[1586],"tags":[400,11,398,408,405,1777,674,1779,1011,27,403,402,399,404,12,25,401,406,1778,364,407],"class_list":{"0":"post-63541","1":"post","2":"type-post","3":"status-publish","4":"format-standard","5":"has-post-thumbnail","7":"category-europe","8":"tag-action-cac-40","9":"tag-actualites","10":"tag-bourse-de-paris","11":"tag-boursorama","12":"tag-cotations","13":"tag-eu","14":"tag-europe","15":"tag-european-union","16":"tag-fr","17":"tag-france","18":"tag-indices-devises","19":"tag-investir","20":"tag-investissement","21":"tag-marche-boursier","22":"tag-news","23":"tag-republique-francaise","24":"tag-sicav","25":"tag-trackers","26":"tag-ue","27":"tag-union-europeenne","28":"tag-warrants"},"share_on_mastodon":{"url":"https:\/\/pubeurope.com\/@fr\/114425152784285952","error":""},"_links":{"self":[{"href":"https:\/\/www.europesays.com\/fr\/wp-json\/wp\/v2\/posts\/63541","targetHints":{"allow":["GET"]}}],"collection":[{"href":"https:\/\/www.europesays.com\/fr\/wp-json\/wp\/v2\/posts"}],"about":[{"href":"https:\/\/www.europesays.com\/fr\/wp-json\/wp\/v2\/types\/post"}],"author":[{"embeddable":true,"href":"https:\/\/www.europesays.com\/fr\/wp-json\/wp\/v2\/users\/2"}],"replies":[{"embeddable":true,"href":"https:\/\/www.europesays.com\/fr\/wp-json\/wp\/v2\/comments?post=63541"}],"version-history":[{"count":0,"href":"https:\/\/www.europesays.com\/fr\/wp-json\/wp\/v2\/posts\/63541\/revisions"}],"wp:featuredmedia":[{"embeddable":true,"href":"https:\/\/www.europesays.com\/fr\/wp-json\/wp\/v2\/media\/63542"}],"wp:attachment":[{"href":"https:\/\/www.europesays.com\/fr\/wp-json\/wp\/v2\/media?parent=63541"}],"wp:term":[{"taxonomy":"category","embeddable":true,"href":"https:\/\/www.europesays.com\/fr\/wp-json\/wp\/v2\/categories?post=63541"},{"taxonomy":"post_tag","embeddable":true,"href":"https:\/\/www.europesays.com\/fr\/wp-json\/wp\/v2\/tags?post=63541"}],"curies":[{"name":"wp","href":"https:\/\/api.w.org\/{rel}","templated":true}]}}