{"id":635417,"date":"2026-01-02T03:28:17","date_gmt":"2026-01-02T03:28:17","guid":{"rendered":"https:\/\/www.europesays.com\/fr\/635417\/"},"modified":"2026-01-02T03:28:17","modified_gmt":"2026-01-02T03:28:17","slug":"un-sdf-de-28-ans-retrouve-mort-dans-un-hangar-le-froid-serait-a-lorigine-du-deces","status":"publish","type":"post","link":"https:\/\/www.europesays.com\/fr\/635417\/","title":{"rendered":"Un SDF de 28 ans retrouv\u00e9 mort dans un hangar, le froid serait \u00e0 l&rsquo;origine du d\u00e9c\u00e8s"},"content":{"rendered":"<p class=\"article__intro\">\u00c0 l&rsquo;arriv\u00e9e des secours, la victime \u00e9tait en arr\u00eat cardiaque. Transport\u00e9 au CHU de Montpellier, l&rsquo;homme est d\u00e9c\u00e9d\u00e9 peu apr\u00e8s. Une autopsie doit d\u00e9terminer la cause de la mort mais la piste de l&rsquo;hypothermie est la plus probable, selon les enqu\u00eateurs.<\/p>\n<p>\n      La Quotidienne Soci\u00e9t\u00e9\n    <\/p>\n<p>\n      De la vie quotidienne aux grands enjeux, recevez tous les jours les sujets qui font la soci\u00e9t\u00e9 locale, comme la justice, l\u2019\u00e9ducation, la sant\u00e9 et la famille.\n    <\/p>\n<p>    France T\u00e9l\u00e9visions utilise votre adresse e-mail afin de vous envoyer la newsletter \u00ab\u00a0La Quotidienne Soci\u00e9t\u00e9\u00a0\u00bb. Vous pouvez vous d\u00e9sinscrire \u00e0 tout moment via le lien en bas de cette newsletter. <a target=\"_blank\" href=\"https:\/\/www.francetelevisions.fr\/groupe\/confidentialite\/politique-de-confidentialite\/politique-de-confidentialite-de-france-televisions-6503\" rel=\"noopener\">Notre politique de confidentialit\u00e9<\/a><\/p>\n<p>Un homme de 28 ans, sans-abri, originaire des pays baltes, est d\u00e9c\u00e9d\u00e9 mardi 30 d\u00e9cembre 2025, \u00e0 Montpellier, apr\u00e8s avoir \u00e9t\u00e9 retrouv\u00e9 en arr\u00eat cardio-respiratoire, rapportent nos confr\u00e8res d&rsquo;<a href=\"https:\/\/www.francebleu.fr\/infos\/faits-divers-justice\/un-sans-domicile-fixe-decede-a-montpellier-la-piste-de-l-hypothermie-envisagee-par-la-police-6190798\" target=\"_blank\" rel=\"noopener noreferrer nofollow\" data-tooltip-url=\"https:\/\/www.francebleu.fr\/infos\/faits-divers-justice\/un-sans-domicile-fixe-decede-a-montpellier-la-piste-de-l-hypothermie-envisagee-par-la-police-6190798\">ICI H\u00e9rault<\/a>, citant la police.<\/p>\n<p>Les secours ont d\u00e9couvert la victime, dans un b\u00e2timent du quartier Tournezy, pr\u00e8s d\u2019un entrep\u00f4t, \u00e0 proximit\u00e9 du march\u00e9 gare.<\/p>\n<p>Les pompiers sont parvenus \u00e0 relancer son c\u0153ur avant de le transporter au CHU, o\u00f9 le SDF est d\u00e9c\u00e9d\u00e9 peu avant 13h.<\/p>\n<\/p>\n<p>Selon les premiers \u00e9l\u00e9ments de l\u2019enqu\u00eate, la piste d\u2019une hypothermie est privil\u00e9gi\u00e9e. Une autopsie a \u00e9t\u00e9 ordonn\u00e9e pour confirmer la cause du d\u00e9c\u00e8s.<\/p>\n<p>La pr\u00e9fecture de l\u2019H\u00e9rault a rappel\u00e9 mercredi que les temp\u00e9ratures nocturnes pouvaient descendre de nuit jusqu\u2019\u00e0 \u20135\u00b0C, dans le d\u00e9partement.<\/p>\n<p>\u00ab\u00a0Les temp\u00e9ratures, qui restent en particulier positives en journ\u00e9e, n&rsquo;ont pas conduit M\u00e9t\u00e9o France (&#8230;) \u00e0 d\u00e9clencher le plan Grand Froid\u00a0\u00bb, pr\u00e9cise la pr\u00e9fecture. Les autorit\u00e9s pr\u00e9cisent que \u00ab\u00a0le Samu social est en veille active dans la m\u00e9tropole de Montpellier afin d\u2019identifier les vuln\u00e9rabilit\u00e9s des personnes sans-abri\u00a0\u00bb.<\/p>\n<p>Actuellement, 3 400 places d\u2019h\u00e9bergement d\u2019urgence et de mises \u00e0 l\u2019abri hivernales sont ouvertes dans l\u2019H\u00e9rault, selon la pr\u00e9fecture.<\/p>\n<p>\u00c9crit avec ICI et C. Prouteau.<\/p>\n","protected":false},"excerpt":{"rendered":"\u00c0 l&rsquo;arriv\u00e9e des secours, la victime \u00e9tait en arr\u00eat cardiaque. Transport\u00e9 au CHU de Montpellier, l&rsquo;homme est d\u00e9c\u00e9d\u00e9&hellip;\n","protected":false},"author":2,"featured_media":635418,"comment_status":"","ping_status":"","sticky":false,"template":"","format":"standard","meta":{"footnotes":""},"categories":[9599],"tags":[1111,11,1777,674,1011,27,2208,12,2680,25],"class_list":{"0":"post-635417","1":"post","2":"type-post","3":"status-publish","4":"format-standard","5":"has-post-thumbnail","7":"category-montpellier","8":"tag-actu","9":"tag-actualites","10":"tag-eu","11":"tag-europe","12":"tag-fr","13":"tag-france","14":"tag-montpellier","15":"tag-news","16":"tag-occitanie","17":"tag-republique-francaise"},"share_on_mastodon":{"url":"https:\/\/pubeurope.com\/@fr\/115823385151645944","error":""},"_links":{"self":[{"href":"https:\/\/www.europesays.com\/fr\/wp-json\/wp\/v2\/posts\/635417","targetHints":{"allow":["GET"]}}],"collection":[{"href":"https:\/\/www.europesays.com\/fr\/wp-json\/wp\/v2\/posts"}],"about":[{"href":"https:\/\/www.europesays.com\/fr\/wp-json\/wp\/v2\/types\/post"}],"author":[{"embeddable":true,"href":"https:\/\/www.europesays.com\/fr\/wp-json\/wp\/v2\/users\/2"}],"replies":[{"embeddable":true,"href":"https:\/\/www.europesays.com\/fr\/wp-json\/wp\/v2\/comments?post=635417"}],"version-history":[{"count":0,"href":"https:\/\/www.europesays.com\/fr\/wp-json\/wp\/v2\/posts\/635417\/revisions"}],"wp:featuredmedia":[{"embeddable":true,"href":"https:\/\/www.europesays.com\/fr\/wp-json\/wp\/v2\/media\/635418"}],"wp:attachment":[{"href":"https:\/\/www.europesays.com\/fr\/wp-json\/wp\/v2\/media?parent=635417"}],"wp:term":[{"taxonomy":"category","embeddable":true,"href":"https:\/\/www.europesays.com\/fr\/wp-json\/wp\/v2\/categories?post=635417"},{"taxonomy":"post_tag","embeddable":true,"href":"https:\/\/www.europesays.com\/fr\/wp-json\/wp\/v2\/tags?post=635417"}],"curies":[{"name":"wp","href":"https:\/\/api.w.org\/{rel}","templated":true}]}}