{"id":635419,"date":"2026-01-02T03:42:21","date_gmt":"2026-01-02T03:42:21","guid":{"rendered":"https:\/\/www.europesays.com\/fr\/635419\/"},"modified":"2026-01-02T03:42:21","modified_gmt":"2026-01-02T03:42:21","slug":"linfo-du-jour-chelsea-vire-maresca-et-songe-a-deloger-rosenior-de-strasbourg-pour-le-remplacer","status":"publish","type":"post","link":"https:\/\/www.europesays.com\/fr\/635419\/","title":{"rendered":"L&rsquo;info du jour : Chelsea vire Maresca et songe \u00e0 d\u00e9loger Rosenior de Strasbourg pour le remplacer"},"content":{"rendered":"<p>Le couperet est tomb\u00e9 \u00e0 Londres. Fragilis\u00e9 par une s\u00e9rie de r\u00e9sultats d\u00e9cevants, Enzo Maresca quitte officiellement le banc de Chelsea. Le club londonien a confirm\u00e9 ce jeudi la s\u00e9paration avec le technicien italien, dont la relation avec la direction s\u2019\u00e9tait largement d\u00e9t\u00e9rior\u00e9e ces derni\u00e8res semaines.<\/p>\n<p>Arriv\u00e9 \u00e0 l\u2019\u00e9t\u00e9 2024 apr\u00e8s son passage r\u00e9ussi \u00e0 Leicester, Maresca avait pourtant r\u00e9ussi ses d\u00e9buts \u00e0 Stamford Bridge : 4e de Premier League, vainqueur de la Ligue Conf\u00e9rence et de la Coupe du monde des clubs lors de la saison 2024-2025. Mais la belle dynamique s\u2019est essouffl\u00e9e. Avec une seule victoire lors des sept derni\u00e8res journ\u00e9es de championnat, les Blues s\u2019enfon\u00e7aient dans le doute et l\u2019avenir du coach semblait de plus en plus compromis.<\/p>\n<p>En r\u00e9alit\u00e9, la fracture allait bien au-del\u00e0 du terrain. D\u2019apr\u00e8s The Guardian, les d\u00e9saccords entre Maresca et la direction \u00e9taient profonds. L\u2019Italien, estimant ne pas \u00eatre suffisamment soutenu, n\u2019a pas appr\u00e9ci\u00e9 la gestion interne de la crise. Ses prises de parole critiques dans les m\u00e9dias ont fini d\u2019agacer les dirigeants, scellant une relation d\u00e9j\u00e0 fragilis\u00e9e.<\/p>\n<p>Un d\u00e9part act\u00e9 par un communiqu\u00e9<\/p>\n<p>\u00ab\u202fChelsea et son entra\u00eeneur principal Enzo Maresca se sont s\u00e9par\u00e9s [\u2026] Ces succ\u00e8s resteront grav\u00e9s dans l\u2019histoire r\u00e9cente du club et nous le remercions pour sa contribution\u202f\u00bb, peut-on lire dans le communiqu\u00e9 publi\u00e9 ce matin. Le club pr\u00e9cise que ce changement vise \u00e0 \u00ab\u202foffrir les meilleures chances \u00e0 l\u2019\u00e9quipe de relancer sa saison\u202f\u00bb, alors que Chelsea occupe actuellement la 5e place de Premier League.<\/p>\n<p>Rosenior en piste pour succ\u00e9der \u00e0 Maresca ?<\/p>\n<p>Le d\u00e9part du coach italien ouvre d\u00e9sormais la porte \u00e0 un nouveau visage sur le banc londonien. Selon plusieurs m\u00e9dias anglais, Liam Rosenior, actuel entra\u00eeneur du RC Strasbourg, figurerait parmi les favoris. Une hypoth\u00e8se coh\u00e9rente : BlueCo, propri\u00e9taire des deux clubs, verrait en lui un candidat naturel pour reprendre le projet sportif \u00e0 Chelsea.<\/p>\n<p>L\u2019ann\u00e9e 2026 commence donc sur les chapeaux de roue \u00e0 Stamford Bridge, o\u00f9 un nouveau chapitre est sur le point de s\u2019\u00e9crire.<\/p>\n","protected":false},"excerpt":{"rendered":"Le couperet est tomb\u00e9 \u00e0 Londres. Fragilis\u00e9 par une s\u00e9rie de r\u00e9sultats d\u00e9cevants, Enzo Maresca quitte officiellement le&hellip;\n","protected":false},"author":2,"featured_media":635420,"comment_status":"","ping_status":"","sticky":false,"template":"","format":"standard","meta":{"footnotes":""},"categories":[2820],"tags":[1111,11,1777,674,1011,27,775,12,25,640],"class_list":{"0":"post-635419","1":"post","2":"type-post","3":"status-publish","4":"format-standard","5":"has-post-thumbnail","7":"category-strasbourg","8":"tag-actu","9":"tag-actualites","10":"tag-eu","11":"tag-europe","12":"tag-fr","13":"tag-france","14":"tag-grand-est","15":"tag-news","16":"tag-republique-francaise","17":"tag-strasbourg"},"share_on_mastodon":{"url":"https:\/\/pubeurope.com\/@fr\/115823440245126450","error":""},"_links":{"self":[{"href":"https:\/\/www.europesays.com\/fr\/wp-json\/wp\/v2\/posts\/635419","targetHints":{"allow":["GET"]}}],"collection":[{"href":"https:\/\/www.europesays.com\/fr\/wp-json\/wp\/v2\/posts"}],"about":[{"href":"https:\/\/www.europesays.com\/fr\/wp-json\/wp\/v2\/types\/post"}],"author":[{"embeddable":true,"href":"https:\/\/www.europesays.com\/fr\/wp-json\/wp\/v2\/users\/2"}],"replies":[{"embeddable":true,"href":"https:\/\/www.europesays.com\/fr\/wp-json\/wp\/v2\/comments?post=635419"}],"version-history":[{"count":0,"href":"https:\/\/www.europesays.com\/fr\/wp-json\/wp\/v2\/posts\/635419\/revisions"}],"wp:featuredmedia":[{"embeddable":true,"href":"https:\/\/www.europesays.com\/fr\/wp-json\/wp\/v2\/media\/635420"}],"wp:attachment":[{"href":"https:\/\/www.europesays.com\/fr\/wp-json\/wp\/v2\/media?parent=635419"}],"wp:term":[{"taxonomy":"category","embeddable":true,"href":"https:\/\/www.europesays.com\/fr\/wp-json\/wp\/v2\/categories?post=635419"},{"taxonomy":"post_tag","embeddable":true,"href":"https:\/\/www.europesays.com\/fr\/wp-json\/wp\/v2\/tags?post=635419"}],"curies":[{"name":"wp","href":"https:\/\/api.w.org\/{rel}","templated":true}]}}