{"id":635428,"date":"2026-01-02T03:50:17","date_gmt":"2026-01-02T03:50:17","guid":{"rendered":"https:\/\/www.europesays.com\/fr\/635428\/"},"modified":"2026-01-02T03:50:17","modified_gmt":"2026-01-02T03:50:17","slug":"top-14-antoine-dupont-et-thomas-ramos-au-repos-romain-ntamack-blesse-peato-mauvaka-et-emmanuel-meafou-de-retour-avec-quelle-equipe-toulouse-va-t-il-venir-a-perpignan","status":"publish","type":"post","link":"https:\/\/www.europesays.com\/fr\/635428\/","title":{"rendered":"Top 14\u00a0: Antoine Dupont et Thomas Ramos au repos, Romain Ntamack bless\u00e9, Peato Mauvaka et Emmanuel Meafou de retour\u2026 Avec quelle \u00e9quipe Toulouse va-t-il venir \u00e0 Perpignan\u00a0?"},"content":{"rendered":"<p>\n                                                                Le Stade Toulousain se pr\u00e9pare \u00e0 affronter l&rsquo;USAP avec une \u00e9quipe remani\u00e9e ce samedi (14 h 30). Antoine Dupont et plusieurs cadres seront absents, mais Peato Mauvaka fait son retour apr\u00e8s huit mois d&rsquo;absence. Comment les sang et or profiteront-ils de ces absences ?\n                            <\/p>\n<p>Cette saison, l\u2019USAP ne re\u00e7oit pas un Stade Toulousain d\u00e9j\u00e0 qualifi\u00e9 pour les demi-finales du Top 14, mais une \u00e9quipe qui roule quand m\u00eame sur ses adversaires ces derniers temps. Outre son revers \u00e0 Glasgow (28-21), les hommes d\u2019Ugo Mola ont inscrit 50,8 points en moyenne sur leurs cinq derni\u00e8res victoires. Encore dimanche dernier contre La\u00a0Rochelle au Stadium, o\u00f9 les triples champions de France en titre ont \u00e9t\u00e9 injouables (60-14), gr\u00e2ce notamment \u00e0 un Antoine Dupont au sommet de son art. Le demi de m\u00eal\u00e9e \u00e9tait titulaire en Top 14 pour la premi\u00e8re fois depuis le\u00a027\u00a0octobre 2024. Avec le num\u00e9ro\u00a09 dans le dos, il\u00a0n\u2019a d\u2019ailleurs plus perdu dans le championnat fran\u00e7ais depuis le\u00a017\u00a0juin 2022.<\/p>\n<p class=\"std-elt__inline\">\n        <strong>\u00c0 lire aussi :<\/strong><br \/>\n        <a href=\"https:\/\/www.lindependant.fr\/2026\/01\/01\/top-14-depuis-2018-lusap-arrive-a-canaliser-le-stade-toulousain-dans-son-antre-daime-giral-13139737.php\" target=\"_blank\" rel=\"noopener\">Top 14\u00a0: depuis 2018, l&rsquo;USAP arrive \u00e0 canaliser le Stade Toulousain dans son antre d&rsquo;Aim\u00e9-Giral<\/a>\n    <\/p>\n<p>Bonne nouvelle pour l\u2019USAP\u00a0: Antoine Dupont ne sera pas sur la pelouse d\u2019Aim\u00e9-Giral ce samedi (14\u00a0h\u00a030). Il va \u00eatre laiss\u00e9 au repos, au m\u00eame titre que l\u2019arri\u00e8re Thomas Ramos, le troisi\u00e8me ligne Anthony Jelonch et le talonneur Julien Marchand. De leur c\u00f4t\u00e9, des cadres comme\u00a0Romain Ntamack (dos\/c\u00f4tes), Fran\u00e7ois Cros (genou), Juan Cruz Mall\u00eda (genou), Pierre-Louis Barassi (cuisse), Ange Capuozzo (doigt) ou encore Matthis Lebel (main) pointent \u00e0 l\u2019infirmerie. Comme lors de ses derni\u00e8res venues \u00e0 Perpignan, le Stade Toulousain ne sera au grand complet pour d\u00e9fier l\u2019USAP.<\/p>\n<p>Mauvaka, 8 mois apr\u00e8s<\/p>\n<p>En revanche, Ugo Mola va compter sur le grand retour de Peato Mauvaka. Le talonneur international (42 s\u00e9l.) \u00e9tait absent depuis fin avril\u00a02025, apr\u00e8s s\u2019\u00eatre rompu les ligaments crois\u00e9s \u00e0 l\u2019entra\u00eenement. Le deuxi\u00e8me ligne Emmanuel Meafou et le pilier droit Dorian Aldegheri, gripp\u00e9s la semaine derni\u00e8re, postulent \u00e9galement pour cette rencontre, au m\u00eame titre que le pilier gauche Cyril Baille, le pilier droit Georges-Henri Colombe, le deuxi\u00e8me ligne Thibaud Flament, le centre Santiago Chocobares et\u00a0l\u2019ailier Teddy Thomas\u00a0qui ont besoin d\u2019encha\u00eener. Le troisi\u00e8me ligne anglais Jack Willis, meilleur joueur de la saison derni\u00e8re, devrait bien \u00eatre pr\u00e9sent, tout comme l\u2019\u00c9cossais Blair Kinghorn qui devrait endosser le num\u00e9ro\u00a010, pour former la charni\u00e8re avec Paul Graou.<\/p>\n<p class=\"std-elt__inline\">\n        <strong>\u00c0 lire aussi :<\/strong><br \/>\n        <a href=\"https:\/\/www.lindependant.fr\/2025\/12\/31\/top-14-posolo-tuilagi-finalement-absent-des-forfaits-chez-les-trois-quarts-les-dernieres-nouvelles-de-linfirmerie-de-lusap-avant-la-reception-de-13138583.php\" target=\"_blank\" rel=\"noopener\">Top 14\u00a0: Posolo Tuilagi finalement absent, des forfaits chez les trois-quarts\u2026 Les derni\u00e8res nouvelles de l\u2019infirmerie de l\u2019USAP avant la r\u00e9ception de Toulouse<\/a>\n    <\/p>\n<p>Parmi la jeunesse toulousaine potentiellement pr\u00e9sente samedi, nos confr\u00e8res du Midi Olympique font \u00e9tat du pilier gauche Benjamin Bertrand (22 ans), du troisi\u00e8me ligne Mathis Castro-Ferreira (21 ans), du deuxi\u00e8me ligne Efra\u00edn El\u00edas (21 ans), du talonneur Thomas Lacombre (21 ans), du centre\/arri\u00e8re Kalvin Gourgues (20 ans), de l\u2019arri\u00e8re Lucien Richardis (20 ans) ou encore du demi de m\u00eal\u00e9e Simon Daroque (20 ans). Mais vous le savez, certains de ces jeunes joueurs ont d\u00e9j\u00e0 beaucoup d\u2019exp\u00e9rience\u2026<\/p>\n","protected":false},"excerpt":{"rendered":"Le Stade Toulousain se pr\u00e9pare \u00e0 affronter l&rsquo;USAP avec une \u00e9quipe remani\u00e9e ce samedi (14 h 30). Antoine&hellip;\n","protected":false},"author":2,"featured_media":635429,"comment_status":"","ping_status":"","sticky":false,"template":"","format":"standard","meta":{"footnotes":""},"categories":[2816],"tags":[1111,11,1777,674,1011,27,12,2680,3464,11548,25,68796,517,478,2312],"class_list":{"0":"post-635428","1":"post","2":"type-post","3":"status-publish","4":"format-standard","5":"has-post-thumbnail","7":"category-toulouse","8":"tag-actu","9":"tag-actualites","10":"tag-eu","11":"tag-europe","12":"tag-fr","13":"tag-france","14":"tag-news","15":"tag-occitanie","16":"tag-perpignan","17":"tag-pyrenees-orientales","18":"tag-republique-francaise","19":"tag-rugby-u00e0-xv","20":"tag-sport","21":"tag-top-14","22":"tag-toulouse"},"share_on_mastodon":{"url":"https:\/\/pubeurope.com\/@fr\/115823471641502855","error":""},"_links":{"self":[{"href":"https:\/\/www.europesays.com\/fr\/wp-json\/wp\/v2\/posts\/635428","targetHints":{"allow":["GET"]}}],"collection":[{"href":"https:\/\/www.europesays.com\/fr\/wp-json\/wp\/v2\/posts"}],"about":[{"href":"https:\/\/www.europesays.com\/fr\/wp-json\/wp\/v2\/types\/post"}],"author":[{"embeddable":true,"href":"https:\/\/www.europesays.com\/fr\/wp-json\/wp\/v2\/users\/2"}],"replies":[{"embeddable":true,"href":"https:\/\/www.europesays.com\/fr\/wp-json\/wp\/v2\/comments?post=635428"}],"version-history":[{"count":0,"href":"https:\/\/www.europesays.com\/fr\/wp-json\/wp\/v2\/posts\/635428\/revisions"}],"wp:featuredmedia":[{"embeddable":true,"href":"https:\/\/www.europesays.com\/fr\/wp-json\/wp\/v2\/media\/635429"}],"wp:attachment":[{"href":"https:\/\/www.europesays.com\/fr\/wp-json\/wp\/v2\/media?parent=635428"}],"wp:term":[{"taxonomy":"category","embeddable":true,"href":"https:\/\/www.europesays.com\/fr\/wp-json\/wp\/v2\/categories?post=635428"},{"taxonomy":"post_tag","embeddable":true,"href":"https:\/\/www.europesays.com\/fr\/wp-json\/wp\/v2\/tags?post=635428"}],"curies":[{"name":"wp","href":"https:\/\/api.w.org\/{rel}","templated":true}]}}