{"id":635430,"date":"2026-01-02T03:52:31","date_gmt":"2026-01-02T03:52:31","guid":{"rendered":"https:\/\/www.europesays.com\/fr\/635430\/"},"modified":"2026-01-02T03:52:31","modified_gmt":"2026-01-02T03:52:31","slug":"merwane-benlazar-evenements-ville-de-lille-adresses-horaires-calendriers-et-histoire","status":"publish","type":"post","link":"https:\/\/www.europesays.com\/fr\/635430\/","title":{"rendered":"Merwane Benlazar \/ \u00c9v\u00e9nements &#8211; Ville de Lille : adresses, horaires, calendriers et histoire"},"content":{"rendered":"<p>\n                                                                        Le 18 avril 2026<br \/>\n\t\t\t\t\t\t\t\t\t\t\tde 20h00 \u00e0 22h00\n\t\t\t\t\t                                        <\/p>\n<p class=\"subtitle\">\u00e0 <strong><br \/>\nLille Grand Palais<\/strong><\/p>\n<p>Merwane Benlazar en spectacle le 18 avril 2026 au Th\u00e9\u00e2tre Louis Pasteur \u00e0 Lille Grand Palais<\/p>\n<p>            <img loading=\"lazy\" decoding=\"async\" src=\"\/var\/www\/storage\/images\/mediatheque\/mairie-de-lille\/images-openagenda\/merwane-benlazar\/3915075-1-fre-FR\/Merwane-Benlazar_news_image_top.jpg\" width=\"779\" height=\"408\" alt=\"Merwane Benlazar\"\/><\/p>\n<p>\nMerwane Benlazar en spectacle le 18 avril 2026 au Th\u00e9\u00e2tre Louis Pasteur \u00e0 Lille Grand Palais<br \/>Apr\u00e8s le succ\u00e8s de son pr\u00e9c\u00e9dent spectacle, cet humoriste de stand-up et chroniqueur fran\u00e7ais, Merwane Benlazar revient avec son nouveau spectacle.<br \/>L&rsquo;humoriste fran\u00e7ais, r\u00e9v\u00e9l\u00e9 au Jamel Comedy Club et au Montreux Comedy Festival, investit la sc\u00e8ne lilloise pour une soir\u00e9e comique in\u00e9dite.<\/p>\n<p>        \t\t                                Infos pratiques<\/p>\n<p>                    Adresse<\/p>\n<p>1 boulevard cit\u00e9s unies, Lille<\/p>\n<p>                                                            Voir le plan<\/p>\n<p>\n                    PublicsDe  \u00e0  ans<\/p>\n","protected":false},"excerpt":{"rendered":"Le 18 avril 2026 de 20h00 \u00e0 22h00 \u00e0 Lille Grand Palais Merwane Benlazar en spectacle le 18&hellip;\n","protected":false},"author":2,"featured_media":635431,"comment_status":"","ping_status":"","sticky":false,"template":"","format":"standard","meta":{"footnotes":""},"categories":[2815],"tags":[1111,11,4763,1777,674,1011,27,811,1307,5415,12,25],"class_list":{"0":"post-635430","1":"post","2":"type-post","3":"status-publish","4":"format-standard","5":"has-post-thumbnail","7":"category-lille","8":"tag-actu","9":"tag-actualites","10":"tag-agenda","11":"tag-eu","12":"tag-europe","13":"tag-fr","14":"tag-france","15":"tag-hauts-de-france","16":"tag-lille","17":"tag-mairie","18":"tag-news","19":"tag-republique-francaise"},"share_on_mastodon":{"url":"https:\/\/pubeurope.com\/@fr\/115823479540883443","error":""},"_links":{"self":[{"href":"https:\/\/www.europesays.com\/fr\/wp-json\/wp\/v2\/posts\/635430","targetHints":{"allow":["GET"]}}],"collection":[{"href":"https:\/\/www.europesays.com\/fr\/wp-json\/wp\/v2\/posts"}],"about":[{"href":"https:\/\/www.europesays.com\/fr\/wp-json\/wp\/v2\/types\/post"}],"author":[{"embeddable":true,"href":"https:\/\/www.europesays.com\/fr\/wp-json\/wp\/v2\/users\/2"}],"replies":[{"embeddable":true,"href":"https:\/\/www.europesays.com\/fr\/wp-json\/wp\/v2\/comments?post=635430"}],"version-history":[{"count":0,"href":"https:\/\/www.europesays.com\/fr\/wp-json\/wp\/v2\/posts\/635430\/revisions"}],"wp:featuredmedia":[{"embeddable":true,"href":"https:\/\/www.europesays.com\/fr\/wp-json\/wp\/v2\/media\/635431"}],"wp:attachment":[{"href":"https:\/\/www.europesays.com\/fr\/wp-json\/wp\/v2\/media?parent=635430"}],"wp:term":[{"taxonomy":"category","embeddable":true,"href":"https:\/\/www.europesays.com\/fr\/wp-json\/wp\/v2\/categories?post=635430"},{"taxonomy":"post_tag","embeddable":true,"href":"https:\/\/www.europesays.com\/fr\/wp-json\/wp\/v2\/tags?post=635430"}],"curies":[{"name":"wp","href":"https:\/\/api.w.org\/{rel}","templated":true}]}}