{"id":635432,"date":"2026-01-02T03:54:12","date_gmt":"2026-01-02T03:54:12","guid":{"rendered":"https:\/\/www.europesays.com\/fr\/635432\/"},"modified":"2026-01-02T03:54:12","modified_gmt":"2026-01-02T03:54:12","slug":"previsions-du-vendredi-2-janvier-2026-4","status":"publish","type":"post","link":"https:\/\/www.europesays.com\/fr\/635432\/","title":{"rendered":"pr\u00e9visions du vendredi 2 janvier 2026"},"content":{"rendered":"<p>Aujourd&rsquo;hui, le mercure affichera 8\u00b0C en moyenne \u00e0 Marseille. Une brise de nord-ouest soufflera doucement. Le matin, les Marseillais vont pouvoir b\u00e9n\u00e9ficier d&rsquo;un soleil magnifique. Les maximales iront jusqu&rsquo;\u00e0 8\u00b0C alors que les minimales seront de 6\u00b0C. Apr\u00e8s quelques passages nuageux, le temps va progressivement s&rsquo;am\u00e9liorer dans l&rsquo;apr\u00e8s-midi et laisser place \u00e0 des \u00e9claircies. Les temp\u00e9ratures iront de 8 \u00e0 9\u00b0C. Le ciel va peu \u00e0 peu s&rsquo;obscurcir au cours de la soir\u00e9e du fait de l&rsquo;arriv\u00e9e de nuages. Une nuit claire vous attendra entre vendredi et samedi.<\/p>\n<p>Demain, \u00e0 Marseille, des nuages ne voudront pas laisser leur place au soleil. Une baisse des temp\u00e9ratures est attendue. Les valeurs seront comprises entre 3 et 6\u00b0C. Un vent de nord-ouest soufflera \u00e0 29 km\/h. Le soleil fera d\u00e9faut le matin, car le ciel sera couvert par des nuages. Les temp\u00e9ratures s&rsquo;\u00e9chelonneront entre 5\u00b0C et 6\u00b0C. Demain apr\u00e8s-midi, le soleil sera cach\u00e9 derri\u00e8re des nuages. Les valeurs afficheront entre 5 et 6\u00b0C. La grisaille ne se dissipe toujours pas, il va y avoir encore des nuages demain soir. Les temp\u00e9ratures avoisineront les 4\u00b0C.<\/p>\n<p>Des changements sont annonc\u00e9s les jours qui suivent. Une d\u00e9gradation est pr\u00e9vue lundi, tandis que la journ\u00e9e de dimanche aura \u00e9t\u00e9 ensoleill\u00e9e.<\/p>\n<p><\/p>\n","protected":false},"excerpt":{"rendered":"Aujourd&rsquo;hui, le mercure affichera 8\u00b0C en moyenne \u00e0 Marseille. Une brise de nord-ouest soufflera doucement. Le matin, les&hellip;\n","protected":false},"author":2,"featured_media":635433,"comment_status":"","ping_status":"","sticky":false,"template":"","format":"standard","meta":{"footnotes":""},"categories":[2814],"tags":[1111,11,1777,674,1011,27,884,12,2119,882,25],"class_list":{"0":"post-635432","1":"post","2":"type-post","3":"status-publish","4":"format-standard","5":"has-post-thumbnail","7":"category-marseille","8":"tag-actu","9":"tag-actualites","10":"tag-eu","11":"tag-europe","12":"tag-fr","13":"tag-france","14":"tag-marseille","15":"tag-news","16":"tag-previsions-meteo","17":"tag-provence-alpes-cote-dazur","18":"tag-republique-francaise"},"share_on_mastodon":{"url":"https:\/\/pubeurope.com\/@fr\/115823487412071120","error":""},"_links":{"self":[{"href":"https:\/\/www.europesays.com\/fr\/wp-json\/wp\/v2\/posts\/635432","targetHints":{"allow":["GET"]}}],"collection":[{"href":"https:\/\/www.europesays.com\/fr\/wp-json\/wp\/v2\/posts"}],"about":[{"href":"https:\/\/www.europesays.com\/fr\/wp-json\/wp\/v2\/types\/post"}],"author":[{"embeddable":true,"href":"https:\/\/www.europesays.com\/fr\/wp-json\/wp\/v2\/users\/2"}],"replies":[{"embeddable":true,"href":"https:\/\/www.europesays.com\/fr\/wp-json\/wp\/v2\/comments?post=635432"}],"version-history":[{"count":0,"href":"https:\/\/www.europesays.com\/fr\/wp-json\/wp\/v2\/posts\/635432\/revisions"}],"wp:featuredmedia":[{"embeddable":true,"href":"https:\/\/www.europesays.com\/fr\/wp-json\/wp\/v2\/media\/635433"}],"wp:attachment":[{"href":"https:\/\/www.europesays.com\/fr\/wp-json\/wp\/v2\/media?parent=635432"}],"wp:term":[{"taxonomy":"category","embeddable":true,"href":"https:\/\/www.europesays.com\/fr\/wp-json\/wp\/v2\/categories?post=635432"},{"taxonomy":"post_tag","embeddable":true,"href":"https:\/\/www.europesays.com\/fr\/wp-json\/wp\/v2\/tags?post=635432"}],"curies":[{"name":"wp","href":"https:\/\/api.w.org\/{rel}","templated":true}]}}