{"id":635434,"date":"2026-01-02T03:55:17","date_gmt":"2026-01-02T03:55:17","guid":{"rendered":"https:\/\/www.europesays.com\/fr\/635434\/"},"modified":"2026-01-02T03:55:17","modified_gmt":"2026-01-02T03:55:17","slug":"de-grosses-amendes-pour-trois-proprietaires-de-lyon-et-villeurbanne","status":"publish","type":"post","link":"https:\/\/www.europesays.com\/fr\/635434\/","title":{"rendered":"de grosses amendes pour trois propri\u00e9taires de Lyon et Villeurbanne"},"content":{"rendered":"<p itemprop=\"description\"><strong>L&rsquo;encadrement des loyers \u00e0 Lyon et Villeurbanne a beau avoir connu de nombreuses attaques en 2025, entre la promesse de Jean-Michel Aulas de l&rsquo;abroger et l&rsquo;annulation d&rsquo;arr\u00eat\u00e9s par le tribunal administratif, il fonctionne toujours.<\/strong><\/p>\n<p>Preuve en est avec ces amendes inflig\u00e9es \u00e0 trois propri\u00e9taires par la pr\u00e9fecture du Rh\u00f4ne.<\/p>\n<p>La premi\u00e8re amende de 4200 euros a \u00e9t\u00e9 inflig\u00e9e \u00e0 la propri\u00e9taire d&rsquo;un logement cours Tolsto\u00ef \u00e0 Villeurbanne. Depuis sa r\u00e9sidence des Alpes-Maritimes, elle proposait pour l&rsquo;appartement villeurbannais un loyer qui d\u00e9passait de 158 euros la limite du loyer de r\u00e9f\u00e9rence major\u00e9 (ramen\u00e9 \u00e0 120 euros par l&rsquo;avenant de l&rsquo;arr\u00eat\u00e9 pr\u00e9fectoral du 21 septembre dernier). Le d\u00e9passement, en d\u00e9faveur de sa locataire, perdurait depuis la date d&rsquo;effet du bail initial, \u00e0 savoir le 1er mai 2022, soit plus de 42 mois.<\/p>\n<p>La seconde amende concerne un propri\u00e9taire install\u00e9 dans les monts d&rsquo;Or. Son appartement lou\u00e9 Grande rue de Saint-Rambert dans le 9e arrondissement, lui vaut de payer 3300 euros. Car le loyer d\u00e9passait de 120 euros la limite du loyer de r\u00e9f\u00e9rence major\u00e9, depuis la signature du bail le 26 novembre 2024.<\/p>\n<p>Enfin, l&rsquo;amende la plus importante concerne une SCI install\u00e9e dans le 6e arrondissement, qui devra r\u00e9gler 15 000 euros. Car elle dispose d&rsquo;un logement rue du Pr\u00e9sident Edouard Herriot dans le 1er arrondissement, dont le loyer d\u00e9passait de 86% la limite du loyer de r\u00e9f\u00e9rence major\u00e9. Un d\u00e9passement qui a perdur\u00e9 plus de 38 mois, depuis la signature du bail le 15 ao\u00fbt 2022 avec le locataire.<\/p>\n<p>A noter que les amendes ont \u00e9t\u00e9 prononc\u00e9es avec ex\u00e9cution provisoire. Et \u00e9galement que les locataires peuvent encore engager des poursuites pour r\u00e9cup\u00e9rer les sommes trop per\u00e7ues par leur propri\u00e9taire.<\/p>\n","protected":false},"excerpt":{"rendered":"L&rsquo;encadrement des loyers \u00e0 Lyon et Villeurbanne a beau avoir connu de nombreuses attaques en 2025, entre la&hellip;\n","protected":false},"author":2,"featured_media":635435,"comment_status":"","ping_status":"","sticky":false,"template":"","format":"standard","meta":{"footnotes":""},"categories":[1889],"tags":[1111,11,2813,2190,2430,1109,251,1112,2811,1777,674,118,1011,27,1922,1110,1114,2428,2810,12,241,316,25,2812,517,800],"class_list":{"0":"post-635434","1":"post","2":"type-post","3":"status-publish","4":"format-standard","5":"has-post-thumbnail","7":"category-lyon","8":"tag-actu","9":"tag-actualites","10":"tag-article","11":"tag-asvel","12":"tag-auvergne-rhone-alpes","13":"tag-breves","14":"tag-culture","15":"tag-depeches","16":"tag-economique","17":"tag-eu","18":"tag-europe","19":"tag-faits-divers","20":"tag-fr","21":"tag-france","22":"tag-info","23":"tag-informations","24":"tag-infos","25":"tag-lyon","26":"tag-lyonmag","27":"tag-news","28":"tag-ol","29":"tag-politique","30":"tag-republique-francaise","31":"tag-sociale","32":"tag-sport","33":"tag-transports"},"share_on_mastodon":{"url":"https:\/\/pubeurope.com\/@fr\/115823491749546371","error":""},"_links":{"self":[{"href":"https:\/\/www.europesays.com\/fr\/wp-json\/wp\/v2\/posts\/635434","targetHints":{"allow":["GET"]}}],"collection":[{"href":"https:\/\/www.europesays.com\/fr\/wp-json\/wp\/v2\/posts"}],"about":[{"href":"https:\/\/www.europesays.com\/fr\/wp-json\/wp\/v2\/types\/post"}],"author":[{"embeddable":true,"href":"https:\/\/www.europesays.com\/fr\/wp-json\/wp\/v2\/users\/2"}],"replies":[{"embeddable":true,"href":"https:\/\/www.europesays.com\/fr\/wp-json\/wp\/v2\/comments?post=635434"}],"version-history":[{"count":0,"href":"https:\/\/www.europesays.com\/fr\/wp-json\/wp\/v2\/posts\/635434\/revisions"}],"wp:featuredmedia":[{"embeddable":true,"href":"https:\/\/www.europesays.com\/fr\/wp-json\/wp\/v2\/media\/635435"}],"wp:attachment":[{"href":"https:\/\/www.europesays.com\/fr\/wp-json\/wp\/v2\/media?parent=635434"}],"wp:term":[{"taxonomy":"category","embeddable":true,"href":"https:\/\/www.europesays.com\/fr\/wp-json\/wp\/v2\/categories?post=635434"},{"taxonomy":"post_tag","embeddable":true,"href":"https:\/\/www.europesays.com\/fr\/wp-json\/wp\/v2\/tags?post=635434"}],"curies":[{"name":"wp","href":"https:\/\/api.w.org\/{rel}","templated":true}]}}