{"id":635440,"date":"2026-01-02T03:59:13","date_gmt":"2026-01-02T03:59:13","guid":{"rendered":"https:\/\/www.europesays.com\/fr\/635440\/"},"modified":"2026-01-02T03:59:13","modified_gmt":"2026-01-02T03:59:13","slug":"les-fumees-se-deplacent-les-habitants-doivent-fermer-leurs-fenetres","status":"publish","type":"post","link":"https:\/\/www.europesays.com\/fr\/635440\/","title":{"rendered":"les fum\u00e9es se d\u00e9placent, les habitants doivent fermer leurs fen\u00eatres"},"content":{"rendered":"<p>                    Par<br \/>\n        <strong><br \/>\n            <a href=\"https:\/\/actu.fr\/auteur\/julie-bossart-actu-fr\" title=\"Consulter tous les articles de Julie Bossart\" target=\"_blank\" rel=\"noopener\">Julie Bossart<\/a><br \/>\n                    <\/strong><\/p>\n<p>        Publi\u00e9 le<\/p>\n<p>            1 janv. 2026 \u00e0 12h15        <\/p>\n<p>[Mise \u00e0 jour \u00e0 20h30 ce 1er janvier : la pr\u00e9fecture vient d\u2019annoncer la fin de l\u2019incendie et remercie les pompiers pour \u00ab leur travail exemplaire tout au long de la journ\u00e9e \u00bb. Plus de 70 militaires, 17 engins et 5 lances incendie auront d\u00fb \u00eatre engag\u00e9s pour venir \u00e0 bout du sinistre.]<\/p>\n<p class=\" wall-content\">La nuit de la Saint-Sylvestre semble avoir \u00e9t\u00e9 calme \u00e0 Paris et dans sa petite couronne. \u00c0 cette heure, ce jeudi 1er\u00a0janvier 2026, la pr\u00e9fecture de Police n\u2019a pas encore communiqu\u00e9 de bilan, mais le parquet fait \u00e9tat de son c\u00f4t\u00e9 du placement en garde \u00e0 vue de 125\u00a0personnes. Le petit matin a malgr\u00e9 tout \u00e9t\u00e9 anim\u00e9 pour les <a href=\"https:\/\/actu.fr\/tag\/brigade-de-sapeurs-pompiers-de-paris\" target=\"_blank\" rel=\"noopener\">sapeurs-pompiers<\/a>. Apr\u00e8s \u00eatre intervenus sur les feux de poubelles \u00ab\u2009classiques\u2009\u00bb en cette p\u00e9riode de l\u2019ann\u00e9e, ils ont \u00e9t\u00e9 requis pour un<a href=\"https:\/\/actu.fr\/tag\/incendie\" target=\"_blank\" rel=\"noopener\"> incendie<\/a> plus s\u00e9rieux, aux alentours de 7\u00a0heures, \u00e0 <a href=\"https:\/\/actu.fr\/ile-de-france\/la-courneuve_93027\" target=\"_blank\" rel=\"noopener\">La Courneuve<\/a>.<\/p>\n<p>Aucune victime \u00e0 d\u00e9plorer<\/p>\n<p class=\" wall-content\">Cet incendie s\u2019est d\u00e9clar\u00e9 dans un entrep\u00f4t situ\u00e9 116, avenue Jean-Mermoz, o\u00f9 sont stock\u00e9es de la ferraille et des batteries, notamment, nous informe la BSPP. Il ne s\u2019agit pas de batteries de voitures \u00e9lectriques, ce qui permet d\u2019\u00e9carter les dangers qui leur sont li\u00e9s, en premier lieu desquels les explosions.<\/p>\n<p class=\" wall-content\">Quelque 70 pompiers ont \u00e9t\u00e9 impliqu\u00e9s pour \u00e9teindre les flammes qui ont ravag\u00e9 le site de 600\u00a0m2. L\u2019emploi d\u2019une lance sur bras \u00e9l\u00e9vateur et de trois lances de grande puissance a \u00e9t\u00e9 n\u00e9cessaire. Aucune victime n\u2019est \u00e0 d\u00e9plorer, rassure la BSPP.<\/p>\n<p class=\" wall-content\">\n<p class=\" wall-content\">La <a href=\"https:\/\/actu.fr\/tag\/prefecture-de-seine-saint-denis\" target=\"_blank\" rel=\"noopener\">pr\u00e9fecture de Seine-Saint-Denis<\/a> indique ce midi que les secours sont toujours sur place, et demande aux habitants d\u2019\u00e9viter le secteur et de ne pas surcharger les lignes t\u00e9l\u00e9phoniques. Surtout, elle appelle \u00e0 prendre les mesures de pr\u00e9caution \u00e0 adopter lors d\u2019incendie\u2009: se prot\u00e9ger des panaches de fum\u00e9e et fermer les fen\u00eatres. D\u2019autant plus qu\u2019en raison des vents, le panache se d\u00e9place vers la commune voisine du Bourget.\u00a0<\/p>\n<p class=\" wall-content\">\n<p class=\" wall-content\">Les <a href=\"https:\/\/actu.fr\/societe\/pourquoi-autant-d-entrepots-brulent-en-seine-saint-denis_59974900.html\" target=\"_blank\" rel=\"noopener\">incendies d\u2019entrep\u00f4ts ne sont pas rares<\/a> dans le d\u00e9partement. Depuis 2019, plus d\u2019une trentaine d\u2019articles sur le sujet ont \u00e9t\u00e9 publi\u00e9s sur notre site. Si ces sinistres produisent des panaches de fum\u00e9es souvent impressionnants, peu de victimes sont heureusement \u00e0 d\u00e9plorer.<\/p>\n<p>Une zone logistique dense<\/p>\n<p class=\" wall-content\">S\u2019ils sont fr\u00e9quents, c\u2019est parce que la Seine-Saint-Denis est consid\u00e9r\u00e9e comme une zone logistique dense. Elle appartient, selon une note de synth\u00e8se de la direction r\u00e9gionale et interd\u00e9partementale de l\u2019\u00e9quipement et de l\u2019am\u00e9nagement d\u2019\u00cele-de-France datant de 2010, au \u00ab plus grand territoire de logistique, d\u2019entreposage et d\u2019industries au niveau r\u00e9gional \u00bb avec pas moins de 430 000 m2 d\u2019entrep\u00f4ts. La proximit\u00e9 du territoire avec l\u2019a\u00e9roport Roissy-Charles-de-Gaulle et avec la capitale a fait du secteur une zone privil\u00e9gi\u00e9e au d\u00e9veloppement du secteur du transport et de la logistique.<\/p>\n<p class=\" wall-content\">Caus\u00e9s par des actes de malveillance, des erreurs humaines ou des d\u00e9faillances mat\u00e9rielles, ils sont, du fait des mat\u00e9riaux qu\u2019ils contiennent et du \u00ab risque de propagation important \u00bb, pris tr\u00e8s au s\u00e9rieux. L\u2019Ineris dispose notamment d\u2019une cellule d\u2019appui aux situations d\u2019urgence (Casu) pouvant venir en aide aux pompiers en r\u00e9alisant notamment des mod\u00e9lisations pour \u00e9valuer les distances de s\u00e9curit\u00e9. \u00a0<\/p>\n<p class=\" wall-content\">Personnalisez votre actualit\u00e9 en ajoutant vos villes et m\u00e9dias en favori avec <a href=\"https:\/\/moncompte.actu.fr\" title=\"D\u00e9couvez Mon Actu\" rel=\"nofollow noopener\" data-trk=\"{&quot;cta&quot;:{&quot;action&quot;:&quot;https:\\\/\\\/moncompte.actu.fr&quot;,&quot;category&quot;:&quot;mon compte&quot;,&quot;from&quot;:&quot;article footer&quot;,&quot;name&quot;:&quot;Mon actu&quot;,&quot;type&quot;:&quot;cta&quot;}}\" target=\"_blank\">Mon Actu<\/a>.<\/p>\n","protected":false},"excerpt":{"rendered":"Par Julie Bossart Publi\u00e9 le 1 janv. 2026 \u00e0 12h15 [Mise \u00e0 jour \u00e0 20h30 ce 1er janvier&hellip;\n","protected":false},"author":2,"featured_media":635441,"comment_status":"","ping_status":"","sticky":false,"template":"","format":"standard","meta":{"footnotes":""},"categories":[1888],"tags":[1111,1928,11,1927,3056,1777,674,118,1011,27,1310,12,1926,626,1925,7134,25],"class_list":{"0":"post-635440","1":"post","2":"type-post","3":"status-publish","4":"format-standard","5":"has-post-thumbnail","7":"category-paris","8":"tag-actu","9":"tag-actu-paris","10":"tag-actualites","11":"tag-actualites-paris","12":"tag-brigade-de-sapeurs-pompiers-de-paris","13":"tag-eu","14":"tag-europe","15":"tag-faits-divers","16":"tag-fr","17":"tag-france","18":"tag-incendie","19":"tag-news","20":"tag-news-paris","21":"tag-paris","22":"tag-paris-news","23":"tag-prefecture-de-seine-saint-denis","24":"tag-republique-francaise"},"share_on_mastodon":{"url":"https:\/\/pubeurope.com\/@fr\/115823507245560040","error":""},"_links":{"self":[{"href":"https:\/\/www.europesays.com\/fr\/wp-json\/wp\/v2\/posts\/635440","targetHints":{"allow":["GET"]}}],"collection":[{"href":"https:\/\/www.europesays.com\/fr\/wp-json\/wp\/v2\/posts"}],"about":[{"href":"https:\/\/www.europesays.com\/fr\/wp-json\/wp\/v2\/types\/post"}],"author":[{"embeddable":true,"href":"https:\/\/www.europesays.com\/fr\/wp-json\/wp\/v2\/users\/2"}],"replies":[{"embeddable":true,"href":"https:\/\/www.europesays.com\/fr\/wp-json\/wp\/v2\/comments?post=635440"}],"version-history":[{"count":0,"href":"https:\/\/www.europesays.com\/fr\/wp-json\/wp\/v2\/posts\/635440\/revisions"}],"wp:featuredmedia":[{"embeddable":true,"href":"https:\/\/www.europesays.com\/fr\/wp-json\/wp\/v2\/media\/635441"}],"wp:attachment":[{"href":"https:\/\/www.europesays.com\/fr\/wp-json\/wp\/v2\/media?parent=635440"}],"wp:term":[{"taxonomy":"category","embeddable":true,"href":"https:\/\/www.europesays.com\/fr\/wp-json\/wp\/v2\/categories?post=635440"},{"taxonomy":"post_tag","embeddable":true,"href":"https:\/\/www.europesays.com\/fr\/wp-json\/wp\/v2\/tags?post=635440"}],"curies":[{"name":"wp","href":"https:\/\/api.w.org\/{rel}","templated":true}]}}