{"id":635444,"date":"2026-01-02T04:01:11","date_gmt":"2026-01-02T04:01:11","guid":{"rendered":"https:\/\/www.europesays.com\/fr\/635444\/"},"modified":"2026-01-02T04:01:11","modified_gmt":"2026-01-02T04:01:11","slug":"des-criteres-ni-bons-ni-equitables-pourquoi-la-nouvelle-notation-des-ehpad-est-sous-le-feu-des-critiques","status":"publish","type":"post","link":"https:\/\/www.europesays.com\/fr\/635444\/","title":{"rendered":"Des crit\u00e8res \u00ab\u00a0ni bons, ni \u00e9quitables\u00a0\u00bb\u00a0: pourquoi la nouvelle notation des Ehpad est sous le feu des critiques"},"content":{"rendered":"<p class=\"\">\u00ab A \u00bb pour qualit\u00e9 avanc\u00e9e, \u00ab D \u00bb pour insuffisant. Depuis fin septembre 2025, les r\u00e9sidents et familles de r\u00e9sidents d\u2019<a href=\"https:\/\/www.leparisien.fr\/economie\/ehpad-controles-effectifs-moyens-ce-qui-a-change-ou-pas-depuis-laffaire-orpea-20-10-2022-SE2T44ADNZAYLCFY4F3C5KJAY4.php\" target=\"_blank\" rel=\"noreferrer noopener\">Ehpad<\/a> (\u00c9tablissements d\u2019h\u00e9bergement de personnes \u00e2g\u00e9es d\u00e9pendantes) peuvent consulter en ligne, sur la plate-forme <a href=\"https:\/\/www.has-sante.fr\/jcms\/c_1725555\/fr\/qualiscope\" target=\"_blank\" rel=\"noreferrer noopener\">Qualiscope<\/a> g\u00e9r\u00e9e par la Haute Autorit\u00e9 de sant\u00e9 (HAS), la note de leur \u00e9tablissement (un peu plus de la moiti\u00e9 des Ehpad se sont d\u00e9j\u00e0 vus d\u00e9cerner leur note, soit pr\u00e8s de 4 000 \u00e9tablissements, selon la HAS).<\/p>\n","protected":false},"excerpt":{"rendered":"\u00ab A \u00bb pour qualit\u00e9 avanc\u00e9e, \u00ab D \u00bb pour insuffisant. Depuis fin septembre 2025, les r\u00e9sidents et&hellip;\n","protected":false},"author":2,"featured_media":635445,"comment_status":"","ping_status":"","sticky":false,"template":"","format":"standard","meta":{"footnotes":""},"categories":[1888],"tags":[11,1777,674,1011,27,12,626,25,104],"class_list":{"0":"post-635444","1":"post","2":"type-post","3":"status-publish","4":"format-standard","5":"has-post-thumbnail","7":"category-paris","8":"tag-actualites","9":"tag-eu","10":"tag-europe","11":"tag-fr","12":"tag-france","13":"tag-news","14":"tag-paris","15":"tag-republique-francaise","16":"tag-societe"},"share_on_mastodon":{"url":"https:\/\/pubeurope.com\/@fr\/115823515040681922","error":""},"_links":{"self":[{"href":"https:\/\/www.europesays.com\/fr\/wp-json\/wp\/v2\/posts\/635444","targetHints":{"allow":["GET"]}}],"collection":[{"href":"https:\/\/www.europesays.com\/fr\/wp-json\/wp\/v2\/posts"}],"about":[{"href":"https:\/\/www.europesays.com\/fr\/wp-json\/wp\/v2\/types\/post"}],"author":[{"embeddable":true,"href":"https:\/\/www.europesays.com\/fr\/wp-json\/wp\/v2\/users\/2"}],"replies":[{"embeddable":true,"href":"https:\/\/www.europesays.com\/fr\/wp-json\/wp\/v2\/comments?post=635444"}],"version-history":[{"count":0,"href":"https:\/\/www.europesays.com\/fr\/wp-json\/wp\/v2\/posts\/635444\/revisions"}],"wp:featuredmedia":[{"embeddable":true,"href":"https:\/\/www.europesays.com\/fr\/wp-json\/wp\/v2\/media\/635445"}],"wp:attachment":[{"href":"https:\/\/www.europesays.com\/fr\/wp-json\/wp\/v2\/media?parent=635444"}],"wp:term":[{"taxonomy":"category","embeddable":true,"href":"https:\/\/www.europesays.com\/fr\/wp-json\/wp\/v2\/categories?post=635444"},{"taxonomy":"post_tag","embeddable":true,"href":"https:\/\/www.europesays.com\/fr\/wp-json\/wp\/v2\/tags?post=635444"}],"curies":[{"name":"wp","href":"https:\/\/api.w.org\/{rel}","templated":true}]}}