{"id":635446,"date":"2026-01-02T04:02:25","date_gmt":"2026-01-02T04:02:25","guid":{"rendered":"https:\/\/www.europesays.com\/fr\/635446\/"},"modified":"2026-01-02T04:02:25","modified_gmt":"2026-01-02T04:02:25","slug":"nouvel-an-2026-125-personnes-placees-en-garde-a-vue-a-paris-dont-15-mineurs","status":"publish","type":"post","link":"https:\/\/www.europesays.com\/fr\/635446\/","title":{"rendered":"Nouvel an 2026 : 125 personnes plac\u00e9es en garde \u00e0 vue \u00e0 Paris dont 15 mineurs"},"content":{"rendered":"<p class=\"mb-4 text-lg md:leading-8 break-words\">L\u2019ann\u00e9e 2026 est officiellement lanc\u00e9e. Comme chaque 31 d\u00e9cembre, nombreuses sont les personnes \u00e0 s&rsquo;\u00eatre r\u00e9unis en famille ou entre amis pour c\u00e9l\u00e9brer la nouvelle ann\u00e9e, tandis que d\u2019autres ont pr\u00e9f\u00e9r\u00e9 festoyer dans les rues de la capitale, c\u00e9l\u00e8bre pour son feu d\u2019artifice de la Saint-Sylvestre. <strong>Cette ambiance festive peut toutefois entra\u00eener des d\u00e9bordements, donnant lieu chaque ann\u00e9e \u00e0 de nombreuses interpellations polici\u00e8res. <\/strong><\/p>\n<p class=\"mb-4 text-lg md:leading-8 break-words\">Dans une interview accord\u00e9e \u00e0 BFM TV ce jeudi 1er janvier 2026, le parquet de Paris a fait son premier bilan policier.<strong> Il a r\u00e9v\u00e9l\u00e9 que 125 personnes avaient \u00e9t\u00e9 <\/strong><a href=\"https:\/\/fr.style.yahoo.com\/femme-34-ans-retrouv%C3%A9e-morte-072757018.html\" data-ylk=\"slk:plac\u00e9s en garde vue;elm:context_link;itc:0;sec:content-canvas;outcm:mb_qualified_link;_E:mb_qualified_link;ct:story;\" class=\"link  yahoo-link\" target=\"_blank\" rel=\"noopener\"><strong>plac\u00e9s en garde vue <\/strong><\/a><strong>dans la nuit du 31 d\u00e9cembre 2025 au 1er janvier 2026. <\/strong>\u00ab\u00a0En revanche, l&rsquo;instance n&rsquo;a rapport\u00e9 aucun incendie de v\u00e9hicule, ni mobilier urbain\u00a0\u00bb \u00e0 Paris, indiquent nos confr\u00e8res. Cependant le parquet a tout de m\u00eame soulign\u00e9 que plus de 800 voitures ont \u00e9t\u00e9 br\u00fbl\u00e9es dans le pays, pr\u00e9cisant que 183 voitures se sont enflamm\u00e9es par propagation. Parmi les d\u00e9partements o\u00f9 ce type de faits a \u00e9t\u00e9 le plus recens\u00e9, on retrouve le Bas-Rhin qui affiche 117 voitures br\u00fbl\u00e9es, contre 71 l&rsquo;an dernier. Vient ensuite le Rh\u00f4ne avec un bilan de 82 v\u00e9hicules br\u00fbl\u00e9s, puis la Gironde avec 36 voitures en flammes contre 32 l&rsquo;an dernier.<\/p>\n<p>124 hommes et une femme plac\u00e9es en garde \u00e0 vue<\/p>\n<p class=\"mb-4 text-lg md:leading-8 break-words\">Parmi les 125 personnes plac\u00e9es en gard\u00e9 \u00e0 vue, se trouvaient 124 hommes et une seule femme. \u00ab\u00a0Elles sont toutes n\u00e9es entre 1973 et 2008 \u00ab\u00a0, pr\u00e9cise l&rsquo;institution. <strong>Quinze d\u2019entre elles sont \u00e0 ce jour signal\u00e9es <\/strong><a href=\"https:\/\/fr.style.yahoo.com\/policier-mis-examen-agressions-sexuelles-183000589.html\" data-ylk=\"slk:comme mineures;elm:context_link;itc:0;sec:content-canvas;outcm:mb_qualified_link;_E:mb_qualified_link;ct:story;\" class=\"link  yahoo-link\" target=\"_blank\" rel=\"noopener\"><strong>comme mineures<\/strong><\/a><strong>, dont au moins trois ne d\u00e9pendent pas du parquet de Paris.<\/strong> Les arrestations ont eu lieu avant minuit pour 75 personnes, et aux alentours de 2 heures du matin pour les autres. <strong>Dans le d\u00e9tail, 33 personnes ont \u00e9t\u00e9 mises en examen pour violences volontaires, 15 pour participation \u00e0 un groupement en vue de commettre des violences ou des d\u00e9gradations, et dix pour d\u00e9tention de produits psychotropes, notamment des bonbonnes de<\/strong><a href=\"https:\/\/fr.style.yahoo.com\/accident-voiture-mortel-%C3%A0-al%C3%A8s-152103830.html\" data-ylk=\"slk:protoxyde d\u2019azote.;elm:context_link;itc:0;sec:content-canvas;outcm:mb_qualified_link;_E:mb_qualified_link;ct:story;\" class=\"link  yahoo-link\" target=\"_blank\" rel=\"noopener\"><strong> protoxyde d\u2019azote.<\/strong><\/a><\/p>\n<p>Source :<\/p>\n<ul class=\"mb-4\">\n<li class=\"ml-4 list-disc\">\n<p class=\"mb-4 text-lg md:leading-8 break-words\"><a href=\"https:\/\/www.bfmtv.com\/paris\/paris\/nouvel-an-2026-125-personnes-placees-en-garde-a-vue-a-paris-pendant-la-nuit-de-la-saint-sylvestre_AN-202601010303.html\" rel=\"nofollow noopener\" target=\"_blank\" data-ylk=\"slk:BFM TV;elm:context_link;itc:0;sec:content-canvas\" class=\"link \">BFM TV <\/a>&#8211; 01\/01\/2026 : Nouvel an 2026: 125 personnes plac\u00e9es en garde \u00e0 vue \u00e0 Paris pendant la nuit de la Saint-Sylvestre<\/p>\n<\/li>\n<\/ul>\n<p class=\"mb-4 text-lg md:leading-8 break-words\"><a href=\"https:\/\/www.femmeactuelle.fr\/actu\/news-actu\/nouvel-an-2026-125-personnes-placees-en-garde-a-vue-a-paris-dont-15-mineurs-2202845\" rel=\"nofollow noopener\" target=\"_blank\" data-ylk=\"slk:Lire l&#039;article sur le site de Femme Actuelle;elm:context_link;itc:0;sec:content-canvas\" class=\"link \">Lire l&rsquo;article sur le site de Femme Actuelle<\/a><\/p>\n","protected":false},"excerpt":{"rendered":"L\u2019ann\u00e9e 2026 est officiellement lanc\u00e9e. Comme chaque 31 d\u00e9cembre, nombreuses sont les personnes \u00e0 s&rsquo;\u00eatre r\u00e9unis en famille&hellip;\n","protected":false},"author":2,"featured_media":635447,"comment_status":"","ping_status":"","sticky":false,"template":"","format":"standard","meta":{"footnotes":""},"categories":[1888],"tags":[11,1777,674,1011,27,12,69047,626,25,72837],"class_list":{"0":"post-635446","1":"post","2":"type-post","3":"status-publish","4":"format-standard","5":"has-post-thumbnail","7":"category-paris","8":"tag-actualites","9":"tag-eu","10":"tag-europe","11":"tag-fr","12":"tag-france","13":"tag-news","14":"tag-nouvelle-annee","15":"tag-paris","16":"tag-republique-francaise","17":"tag-saint-sylvestre"},"share_on_mastodon":{"url":"https:\/\/pubeurope.com\/@fr\/115823518858542529","error":""},"_links":{"self":[{"href":"https:\/\/www.europesays.com\/fr\/wp-json\/wp\/v2\/posts\/635446","targetHints":{"allow":["GET"]}}],"collection":[{"href":"https:\/\/www.europesays.com\/fr\/wp-json\/wp\/v2\/posts"}],"about":[{"href":"https:\/\/www.europesays.com\/fr\/wp-json\/wp\/v2\/types\/post"}],"author":[{"embeddable":true,"href":"https:\/\/www.europesays.com\/fr\/wp-json\/wp\/v2\/users\/2"}],"replies":[{"embeddable":true,"href":"https:\/\/www.europesays.com\/fr\/wp-json\/wp\/v2\/comments?post=635446"}],"version-history":[{"count":0,"href":"https:\/\/www.europesays.com\/fr\/wp-json\/wp\/v2\/posts\/635446\/revisions"}],"wp:featuredmedia":[{"embeddable":true,"href":"https:\/\/www.europesays.com\/fr\/wp-json\/wp\/v2\/media\/635447"}],"wp:attachment":[{"href":"https:\/\/www.europesays.com\/fr\/wp-json\/wp\/v2\/media?parent=635446"}],"wp:term":[{"taxonomy":"category","embeddable":true,"href":"https:\/\/www.europesays.com\/fr\/wp-json\/wp\/v2\/categories?post=635446"},{"taxonomy":"post_tag","embeddable":true,"href":"https:\/\/www.europesays.com\/fr\/wp-json\/wp\/v2\/tags?post=635446"}],"curies":[{"name":"wp","href":"https:\/\/api.w.org\/{rel}","templated":true}]}}