{"id":635448,"date":"2026-01-02T04:08:02","date_gmt":"2026-01-02T04:08:02","guid":{"rendered":"https:\/\/www.europesays.com\/fr\/635448\/"},"modified":"2026-01-02T04:08:02","modified_gmt":"2026-01-02T04:08:02","slug":"un-drone-erige-en-monument-illustrant-la-rupture-tech-dans-la-guerre-ukraine-russie","status":"publish","type":"post","link":"https:\/\/www.europesays.com\/fr\/635448\/","title":{"rendered":"Un drone \u00e9rig\u00e9 en monument illustrant la rupture tech dans la guerre Ukraine Russie"},"content":{"rendered":"<p><a href=\"https:\/\/www.worldaicannes.com\/en-gb\/register.html?cat=discovery-pass&amp;?utm_source=la_revue_du_digital&amp;utm_medium=banner_web&amp;utm_campaign=waicf_2026\" data-wpel-link=\"external\" rel=\"external noopener noreferrer\" target=\"_blank\"><img decoding=\"async\" src=\"https:\/\/www.europesays.com\/fr\/wp-content\/uploads\/2026\/01\/AR-800572_Banner_1200-x-200.jpg\"\/><\/a><\/p>\n<p>Il est rare que l\u2019on \u00e9rige un monument \u00e0 une arme ou \u00e0 une technologie, c\u2019est pourquoi le monument \u00ab\u00a0Baba Yaga\u00a0\u00bb inaugur\u00e9 en Ukraine mettant en sc\u00e8ne un drone est atypique. Il illustre la rupture apport\u00e9e par cette technologie dans cette guerre abominable. La sculpture est un signe de gratitude envers la population locale pour son soutien aux forces arm\u00e9es et aux op\u00e9rateurs de drones.<\/p>\n<p><strong>Un symbole de la guerre technologique <\/strong><\/p>\n<p>La ville de Vyshneve, dans la r\u00e9gion de Kiev, a inaugur\u00e9 le 23 d\u00e9cembre 2025 un monument d\u00e9di\u00e9 au drone militaire ukrainien surnomm\u00e9 \u00ab\u00a0Baba Yaga\u00a0\u00bb, devenu un symbole de la guerre technologique men\u00e9e par l\u2019Ukraine. Une \u00ab\u00a0Baba Yaga\u00a0\u00bb est une figure mythique du folklore slave, \u00e0 la fois sorci\u00e8re, ogresse et gardienne des seuils, vivant dans une maison sur pattes de poule au c\u0153ur de la for\u00eat et incarnant les forces archa\u00efques de la nature, de la mort et de l\u2019initiation.<\/p>\n<p>La sculpture est install\u00e9e dans un parc public. Elle repr\u00e9sente une \u00ab\u00a0Baba Yaga\u00a0\u00bb portant un drone lourd multi-rotors utilis\u00e9 par les forces ukrainiennes et devenu l\u2019un des embl\u00e8mes de leur strat\u00e9gie dans la guerre des drones. Ce monument ne c\u00e9l\u00e8bre pas une bataille ni un commandant, mais une technologie. Il illustre la transformation de ce conflit, utilisant l\u2019ing\u00e9nierie, les donn\u00e9es et les capteurs. <\/p>\n<p class=\"categorie-titre\">La r\u00e9daction vous propose par secteur d&rsquo;activit\u00e9 :<\/p>\n<p><strong>Un drone lourd emportant des charges explosives <\/strong><\/p>\n<p><a href=\"https:\/\/www.worldaicannes.com\/en-gb\/register.html?cat=discovery-pass&amp;?utm_source=la_revue_du_digital&amp;utm_medium=banner_web&amp;utm_campaign=waicf_2026\" data-wpel-link=\"external\" rel=\"external noopener noreferrer\" target=\"_blank\"><img decoding=\"async\" src=\"https:\/\/www.europesays.com\/fr\/wp-content\/uploads\/2025\/12\/AR-800572_Banner-660-425-2.jpg\"\/><\/a><\/p>\n<p>Le drone \u00ab\u00a0Baba Yaga\u00a0\u00bb est un drone lourd multi-rotor, capable d\u2019op\u00e9rer de nuit, d\u2019emporter des charges explosives significatives et de mener des frappes de pr\u00e9cision. Son surnom vient des forces russes et il fait r\u00e9f\u00e9rence \u00e0 la figure folklorique slave de la sorci\u00e8re \u00ab\u00a0Baba Yaga\u00a0\u00bb.<\/p>\n<ul class=\"wpp-list wpp-grid\">\n<li class=\"wpp-card\">\n                 <a href=\"https:\/\/www.larevuedudigital.com\/un-drone-devient-un-monument-illustrant-la-rupture-tech-dans-la-guerre-ukraine-russie\/\" title=\"Un drone \u00e9rig\u00e9 en monument illustrant la rupture tech dans la guerre Ukraine Russie\" target=\"_self\" data-wpel-link=\"internal\" rel=\"noopener\"><img src=\"https:\/\/www.europesays.com\/fr\/wp-content\/uploads\/2026\/01\/143341-featured-220x147.jpg\"  width=\"220\" height=\"147\" alt=\"\" class=\"wpp-thumbnail wpp_featured wpp_cached_thumb\" decoding=\"async\" loading=\"lazy\"\/><\/a><\/p>\n<p>                   Un drone \u00e9rig\u00e9 en monument illustrant la rupture tech dans la guerre Ukraine Rus&#8230;<\/p>\n<\/li>\n<li class=\"wpp-card\">\n                 <a href=\"https:\/\/www.larevuedudigital.com\/2026-la-poste-de-nouveau-perturbee-par-une-cyber-attaque\/\" target=\"_self\" data-wpel-link=\"internal\" rel=\"noopener\"><img src=\"https:\/\/www.europesays.com\/fr\/wp-content\/uploads\/2026\/01\/143307-featured-220x147.jpg\"  width=\"220\" height=\"147\" alt=\"\" class=\"wpp-thumbnail wpp_featured wpp_cached_thumb\" decoding=\"async\" loading=\"lazy\"\/><\/a><\/p>\n<p>                   2026\u00a0: La Poste et La Banque Postale de nouveau perturb\u00e9s par une cyber attaque<\/p>\n<\/li>\n<li class=\"wpp-card\">\n                 <a href=\"https:\/\/www.larevuedudigital.com\/les-dates-cles-en-2026-pour-les-operations-commerce-et-e-commerce\/\" target=\"_self\" data-wpel-link=\"internal\" rel=\"noopener\"><img src=\"https:\/\/www.europesays.com\/fr\/wp-content\/uploads\/2026\/01\/143292-featured-220x147.jpg\"  width=\"220\" height=\"147\" alt=\"\" class=\"wpp-thumbnail wpp_featured wpp_cached_thumb\" decoding=\"async\" loading=\"lazy\"\/><\/a><\/p>\n<p>                   Les dates cl\u00e9s en 2026 pour les op\u00e9rations commerce et e-commerce<\/p>\n<\/li>\n<\/ul>\n<p>    L\u2019actualit\u00e9 de la transformation<\/p>\n<p>Dossier<\/p>\n<p>        L&rsquo;IA cl\u00e9 de nos besoins vitaux dans l&rsquo;eau, l&rsquo;\u00e9lectricit\u00e9 et le gaz<\/p>\n<p>Dossier exclusif<\/p>\n","protected":false},"excerpt":{"rendered":"Il est rare que l\u2019on \u00e9rige un monument \u00e0 une arme ou \u00e0 une technologie, c\u2019est pourquoi le&hellip;\n","protected":false},"author":2,"featured_media":635449,"comment_status":"","ping_status":"","sticky":false,"template":"","format":"standard","meta":{"footnotes":""},"categories":[1591],"tags":[11,1887,12,1885,1886,132],"class_list":{"0":"post-635448","1":"post","2":"type-post","3":"status-publish","4":"format-standard","5":"has-post-thumbnail","7":"category-russie","8":"tag-actualites","9":"tag-federation-de-russie","10":"tag-news","11":"tag-russia","12":"tag-russian-federation","13":"tag-russie"},"share_on_mastodon":{"url":"https:\/\/pubeurope.com\/@fr\/115823542796426255","error":""},"_links":{"self":[{"href":"https:\/\/www.europesays.com\/fr\/wp-json\/wp\/v2\/posts\/635448","targetHints":{"allow":["GET"]}}],"collection":[{"href":"https:\/\/www.europesays.com\/fr\/wp-json\/wp\/v2\/posts"}],"about":[{"href":"https:\/\/www.europesays.com\/fr\/wp-json\/wp\/v2\/types\/post"}],"author":[{"embeddable":true,"href":"https:\/\/www.europesays.com\/fr\/wp-json\/wp\/v2\/users\/2"}],"replies":[{"embeddable":true,"href":"https:\/\/www.europesays.com\/fr\/wp-json\/wp\/v2\/comments?post=635448"}],"version-history":[{"count":0,"href":"https:\/\/www.europesays.com\/fr\/wp-json\/wp\/v2\/posts\/635448\/revisions"}],"wp:featuredmedia":[{"embeddable":true,"href":"https:\/\/www.europesays.com\/fr\/wp-json\/wp\/v2\/media\/635449"}],"wp:attachment":[{"href":"https:\/\/www.europesays.com\/fr\/wp-json\/wp\/v2\/media?parent=635448"}],"wp:term":[{"taxonomy":"category","embeddable":true,"href":"https:\/\/www.europesays.com\/fr\/wp-json\/wp\/v2\/categories?post=635448"},{"taxonomy":"post_tag","embeddable":true,"href":"https:\/\/www.europesays.com\/fr\/wp-json\/wp\/v2\/tags?post=635448"}],"curies":[{"name":"wp","href":"https:\/\/api.w.org\/{rel}","templated":true}]}}