{"id":635452,"date":"2026-01-02T04:10:14","date_gmt":"2026-01-02T04:10:14","guid":{"rendered":"https:\/\/www.europesays.com\/fr\/635452\/"},"modified":"2026-01-02T04:10:14","modified_gmt":"2026-01-02T04:10:14","slug":"un-jeune-talent-forme-aux-usa-est-cite-a-anderlecht-les-derniers-transferts","status":"publish","type":"post","link":"https:\/\/www.europesays.com\/fr\/635452\/","title":{"rendered":"Un jeune talent form\u00e9 aux USA est cit\u00e9 \u00e0 Anderlecht &#8211; Les derniers transferts"},"content":{"rendered":"<p>Le nom de Junior Diouf est cit\u00e9 par certains suiveurs de MLS du c\u00f4t\u00e9 du RSC Anderlecht. Il s&rsquo;agit d&rsquo;un attaquant \u00e9voluant aux Grand Canyons Antilopes. <\/p>\n<p><strong>Junior Diouf<\/strong> (18 ans) va-t-il bient\u00f4t d\u00e9barquer en Europe ? Selon le journaliste suiveur de la MLS Tom Bogert, le jeune attaquant s\u00e9n\u00e9galais serait en tout cas dans le viseur de plusieurs clubs europ\u00e9ens&#8230; dont le RSC <a href=\"https:\/\/www.walfoot.be\/belgique\/anderlecht\" target=\"_blank\" rel=\"noopener\">Anderlecht<\/a>.<\/p>\n<p>Les Mauves auraient m\u00eame selon Bogert d\u00e9j\u00e0 fait une offre pour Diouf, qui \u00e9volue actuellement aux Grand Canyon Antilopes, un club universitaire et formateur.\u00a0<\/p>\n<p>Un renfort pour le RSCA Futures ?\u00a0<\/p>\n<p>En NCAA, la division universitaire am\u00e9ricaine, Junior Diouf fait sensation : il a inscrit 18 buts et d\u00e9livr\u00e9 6 passes d\u00e9cisives en 21 rencontres pour sa premi\u00e8re saison. De quoi, probablement, en faire l&rsquo;un des talents les plus convoit\u00e9s par\u00a0la MLS.\u00a0<\/p>\n<p>Reste \u00e0 savoir si le Sporting d&rsquo;Anderlecht aurait bel et bien en t\u00eate de s&rsquo;offrir ce talent s\u00e9n\u00e9galais. On sait que les Mauve &amp; Blanc cherchent un renfort offensif en vue de la seconde partie de saison, mais il est \u00e9vident que Diouf arriverait en premier lieu pour int\u00e9grer le noyau U23.<\/p>\n<p>Les priorit\u00e9s de l&rsquo;\u00e9quipe A sont un d\u00e9fenseur central et un attaquant d&rsquo;exp\u00e9rience. Le dossier Diouf ne concerne donc pas vraiment Olivier Renard pour le moment, mais plut\u00f4t les responsables de l&rsquo;acad\u00e9mie du club.\u00a0<\/p>\n","protected":false},"excerpt":{"rendered":"Le nom de Junior Diouf est cit\u00e9 par certains suiveurs de MLS du c\u00f4t\u00e9 du RSC Anderlecht. Il&hellip;\n","protected":false},"author":2,"featured_media":635453,"comment_status":"","ping_status":"","sticky":false,"template":"","format":"standard","meta":{"footnotes":""},"categories":[1589],"tags":[11,73,1866,12,1864,1865,1863,308],"class_list":{"0":"post-635452","1":"post","2":"type-post","3":"status-publish","4":"format-standard","5":"has-post-thumbnail","7":"category-etats-unis","8":"tag-actualites","9":"tag-etats-unis","10":"tag-etats-unis-damerique","11":"tag-news","12":"tag-united-states","13":"tag-united-states-of-america","14":"tag-us","15":"tag-usa"},"share_on_mastodon":{"url":"https:\/\/pubeurope.com\/@fr\/115823550527984874","error":""},"_links":{"self":[{"href":"https:\/\/www.europesays.com\/fr\/wp-json\/wp\/v2\/posts\/635452","targetHints":{"allow":["GET"]}}],"collection":[{"href":"https:\/\/www.europesays.com\/fr\/wp-json\/wp\/v2\/posts"}],"about":[{"href":"https:\/\/www.europesays.com\/fr\/wp-json\/wp\/v2\/types\/post"}],"author":[{"embeddable":true,"href":"https:\/\/www.europesays.com\/fr\/wp-json\/wp\/v2\/users\/2"}],"replies":[{"embeddable":true,"href":"https:\/\/www.europesays.com\/fr\/wp-json\/wp\/v2\/comments?post=635452"}],"version-history":[{"count":0,"href":"https:\/\/www.europesays.com\/fr\/wp-json\/wp\/v2\/posts\/635452\/revisions"}],"wp:featuredmedia":[{"embeddable":true,"href":"https:\/\/www.europesays.com\/fr\/wp-json\/wp\/v2\/media\/635453"}],"wp:attachment":[{"href":"https:\/\/www.europesays.com\/fr\/wp-json\/wp\/v2\/media?parent=635452"}],"wp:term":[{"taxonomy":"category","embeddable":true,"href":"https:\/\/www.europesays.com\/fr\/wp-json\/wp\/v2\/categories?post=635452"},{"taxonomy":"post_tag","embeddable":true,"href":"https:\/\/www.europesays.com\/fr\/wp-json\/wp\/v2\/tags?post=635452"}],"curies":[{"name":"wp","href":"https:\/\/api.w.org\/{rel}","templated":true}]}}