{"id":635456,"date":"2026-01-02T04:12:27","date_gmt":"2026-01-02T04:12:27","guid":{"rendered":"https:\/\/www.europesays.com\/fr\/635456\/"},"modified":"2026-01-02T04:12:27","modified_gmt":"2026-01-02T04:12:27","slug":"les-intemperies-ont-cause-moins-de-degats-en-allemagne-dw-31-12-2025","status":"publish","type":"post","link":"https:\/\/www.europesays.com\/fr\/635456\/","title":{"rendered":"Les intemp\u00e9ries ont caus\u00e9 moins de d\u00e9g\u00e2ts en Allemagne \u2013 DW \u2013 31\/12\/2025"},"content":{"rendered":"<p>L&rsquo;Association allemande des assureurs (GDV) estime les dommages assur\u00e9s li\u00e9s aux risques naturels \u00e0 2,6 milliards d&rsquo;euros cette ann\u00e9e, soit environ trois milliards d&rsquo;euros de moins qu&rsquo;en 2024, o\u00f9 les dommages s&rsquo;\u00e9levaient \u00e0 5,7 milliards d&rsquo;euros en <a class=\"internal-link\" href=\"https:\/\/www.dw.com\/fr\/allemagne-r\u00e9publique-f\u00e9d\u00e9rale-dallemagne\/t-19236971\" target=\"_blank\" rel=\"noopener\">Allemagne<\/a>. Selon le GDV, il s&rsquo;agit du montant le plus bas depuis 2001. Les derniers dommages enregistr\u00e9s en 2020 \u00e9taient inf\u00e9rieurs \u00e0 la barre des trois milliards d&rsquo;euros.<\/p>\n<p>Pour les assureurs, cette \u00e9volution n&rsquo;est toutefois pas une raison pour baisser la garde. \u00ab\u00a0Le fait qu&rsquo;il y ait eu moins de sinistres cette ann\u00e9e est une question de chance. <a class=\"internal-link\" href=\"https:\/\/www.dw.com\/fr\/changement-climatique-canicule-reactions-sante-environnement\/a-69558958\" target=\"_blank\" rel=\"noopener\">Dans l&rsquo;ensemble, les ph\u00e9nom\u00e8nes m\u00e9t\u00e9orologiques extr\u00eames li\u00e9s au changement climatique<\/a> sont toutefois en augmentation\u00a0\u00bb, a d\u00e9clar\u00e9 J\u00f6rg Asmussen, directeur g\u00e9n\u00e9ral du GDV.<\/p>\n<p>Dans le domaine de l&rsquo;assurance de biens, qui couvre notamment les dommages caus\u00e9s aux b\u00e2timents et au mobilier, l&rsquo;association a enregistr\u00e9 des sinistres assur\u00e9s \u00e0 hauteur de 1,4 milliard d&rsquo;euros dus aux temp\u00eates, \u00e0 la gr\u00eale et \u00e0 la foudre. 500 millions d&rsquo;euros suppl\u00e9mentaires ont \u00e9t\u00e9 attribu\u00e9s \u00e0 des risques naturels tels que les inondations et les fortes pluies. Dans le domaine de l&rsquo;assurance automobile, les dommages caus\u00e9s par les temp\u00eates et les inondations se sont \u00e9lev\u00e9s \u00e0 environ 700 millions d&rsquo;euros.<\/p>\n<p>En 2025, l&rsquo;Allemagne a \u00e9t\u00e9 largement \u00e9pargn\u00e9e par les intemp\u00e9ries majeures, contrairement \u00e0 2024, o\u00f9 le sud et le sud-ouest du pays ont \u00e9t\u00e9 particuli\u00e8rement touch\u00e9s par de graves inondations.<\/p>\n<p><img data-format=\"MASTER_LANDSCAPE\" data-id=\"58681854\" data-url=\"https:\/\/static.dw.com\/image\/58681854_${formatId}.jpg\" data-aspect-ratio=\"16\/9\" alt=\"Les maisons sont totalement d\u00e9truites apr\u00e8s les inondations. Pendant plusieurs jours, les habitants de la r\u00e9gion de l'Ahr ont \u00e9t\u00e9 coup\u00e9s du monde ext\u00e9rieur apr\u00e8s les inondations\" style=\"padding-bottom: 56.25%; height: 0; max-height: 0;\"\/>En 2021, la vall\u00e9e de l&rsquo;Ahr, dans l&rsquo;ouest de l&rsquo;Allemagne, a connu sa derni\u00e8re grande inondationImage : Thomas Frey\/dpa\/picture alliance<\/p>\n<p>Seule la moiti\u00e9 des propri\u00e9taires sont bien assur\u00e9s<\/p>\n<p><a class=\"internal-link\" href=\"https:\/\/www.dw.com\/fr\/allemagne-inondations-enqu\u00eate-justice\/a-58786565\" target=\"_blank\" rel=\"noopener\">Depuis les intemp\u00e9ries catastrophiques qui ont frapp\u00e9 la vall\u00e9e de l&rsquo;Ahr en 2021<\/a>, un d\u00e9bat politique fait rage au sujet d&rsquo;une assurance obligatoire contre ces risques dits \u00ab\u00a0naturels\u00a0\u00bb. Jusqu&rsquo;\u00e0 pr\u00e9sent, ces risques ne sont pas couverts de mani\u00e8re standard par les assurances immobili\u00e8res. Le GDV a r\u00e9cemment pr\u00e9sent\u00e9 un concept qui permettrait d&rsquo;assurer \u00e0 un prix abordable un plus grand nombre de b\u00e2timents contre les dommages naturels, m\u00eame dans les r\u00e9gions particuli\u00e8rement expos\u00e9es.<\/p>\n<p>Actuellement, seule un peu plus de la moiti\u00e9 des propri\u00e9taires immobiliers disposent d&rsquo;une protection ad\u00e9quate. \u00ab\u00a0Compte tenu des risques croissants, il est urgent de mettre en place un syst\u00e8me global de pr\u00e9vention des risques\u00a0\u00bb, a soulign\u00e9 M. Asmussen.<\/p>\n","protected":false},"excerpt":{"rendered":"L&rsquo;Association allemande des assureurs (GDV) estime les dommages assur\u00e9s li\u00e9s aux risques naturels \u00e0 2,6 milliards d&rsquo;euros cette&hellip;\n","protected":false},"author":2,"featured_media":635457,"comment_status":"","ping_status":"","sticky":false,"template":"","format":"standard","meta":{"footnotes":""},"categories":[1587],"tags":[11,672,1804,1805,1803,1777,674,1801,12,1802],"class_list":{"0":"post-635456","1":"post","2":"type-post","3":"status-publish","4":"format-standard","5":"has-post-thumbnail","7":"category-allemagne","8":"tag-actualites","9":"tag-allemagne","10":"tag-bundesrepublik-deutschland","11":"tag-de","12":"tag-deutschland","13":"tag-eu","14":"tag-europe","15":"tag-germany","16":"tag-news","17":"tag-republique-federale-dallemagne"},"share_on_mastodon":{"url":"https:\/\/pubeurope.com\/@fr\/115823558221282299","error":""},"_links":{"self":[{"href":"https:\/\/www.europesays.com\/fr\/wp-json\/wp\/v2\/posts\/635456","targetHints":{"allow":["GET"]}}],"collection":[{"href":"https:\/\/www.europesays.com\/fr\/wp-json\/wp\/v2\/posts"}],"about":[{"href":"https:\/\/www.europesays.com\/fr\/wp-json\/wp\/v2\/types\/post"}],"author":[{"embeddable":true,"href":"https:\/\/www.europesays.com\/fr\/wp-json\/wp\/v2\/users\/2"}],"replies":[{"embeddable":true,"href":"https:\/\/www.europesays.com\/fr\/wp-json\/wp\/v2\/comments?post=635456"}],"version-history":[{"count":0,"href":"https:\/\/www.europesays.com\/fr\/wp-json\/wp\/v2\/posts\/635456\/revisions"}],"wp:featuredmedia":[{"embeddable":true,"href":"https:\/\/www.europesays.com\/fr\/wp-json\/wp\/v2\/media\/635457"}],"wp:attachment":[{"href":"https:\/\/www.europesays.com\/fr\/wp-json\/wp\/v2\/media?parent=635456"}],"wp:term":[{"taxonomy":"category","embeddable":true,"href":"https:\/\/www.europesays.com\/fr\/wp-json\/wp\/v2\/categories?post=635456"},{"taxonomy":"post_tag","embeddable":true,"href":"https:\/\/www.europesays.com\/fr\/wp-json\/wp\/v2\/tags?post=635456"}],"curies":[{"name":"wp","href":"https:\/\/api.w.org\/{rel}","templated":true}]}}