{"id":635468,"date":"2026-01-02T04:20:18","date_gmt":"2026-01-02T04:20:18","guid":{"rendered":"https:\/\/www.europesays.com\/fr\/635468\/"},"modified":"2026-01-02T04:20:18","modified_gmt":"2026-01-02T04:20:18","slug":"sur-quelle-chaine-a-quelle-heure-et-avec-quelles-compositions-15","status":"publish","type":"post","link":"https:\/\/www.europesays.com\/fr\/635468\/","title":{"rendered":"sur quelle cha\u00eene, \u00e0 quelle heure et avec quelles compositions ?"},"content":{"rendered":"<p style=\"text-align: justify;\"><strong>D\u00e9couvrez l\u2019heure, la cha\u00eene TV et les compositions pour Stade Fran\u00e7ais-Castres en Top 14. Toutes les infos essentielles pour suivre le match.<\/strong><\/p>\n<p style=\"text-align: justify;\">Le match de la 14\u00e8me journ\u00e9e de la phase r\u00e9guli\u00e8re du Top 14 entre le <a href=\"https:\/\/dicodusport.fr\/blog\/transferts-stade-francais-2026-recrues-departs-et-prolongations\/\" target=\"_blank\" rel=\"noopener\"><strong>Stade Fran\u00e7ais<\/strong><\/a> et le <a href=\"https:\/\/dicodusport.fr\/blog\/transferts-castres-2026-arrivees-departs-et-prolongations\/\" target=\"_blank\" rel=\"noopener\"><strong>Castres Olympique<\/strong><\/a> aura lieu ce samedi 3 janvier 2026 \u00e0 16h35, au stade Jean-Bouin de Paris.<\/p>\n<p>Contexte et enjeux du match Stade Fran\u00e7ais-Castres<\/p>\n<p style=\"text-align: justify;\">Le <strong>Stade Fran\u00e7ais<\/strong> est pass\u00e9 proche d\u2019un \u00e9norme coup samedi dernier. Il s\u2019en est fallu d\u2019une action apr\u00e8s la sir\u00e8ne <a href=\"https:\/\/dicodusport.fr\/blog\/bayonne-a-tremble-a-jean-dauger-laviron-arrache-la-victoire-a-la-sirene-contre-le-stade-francais\/\" target=\"_blank\" rel=\"noopener\">pour que les Parisiens ne r\u00e9alisent un exploit en faisant chuter Bayonne dans son stade<\/a>. N\u00e9anmoins, avec une quatri\u00e8me place \u00e0 mi-parcours, et m\u00eame s\u2019ils n\u2019ont aucune marge, cette saison est bien meilleure que la pr\u00e9c\u00e9dente, et l\u2019occasion est belle de consolider cette place en barrages avec une r\u00e9ception abordable ce samedi.<\/p>\n<p style=\"text-align: justify;\">Pour <strong>Castres<\/strong>, <a href=\"https:\/\/dicodusport.fr\/blog\/castres-accelere-apres-la-pause-et-fait-plier-des-lyonnais-bien-decevants\/\" target=\"_blank\" rel=\"noopener\">la victoire \u00e9tait au rendez-vous le weekend dernier<\/a>, les Tarnais profitant de la r\u00e9ception de Lyon pour engranger, m\u00eame si le bonus offensif leur a \u00e9chapp\u00e9. Et dans ce Top 14 dense, ils ne sont finalement qu\u2019\u00e0 un point de la zone de barrages et de leurs adversaires du jour. Une victoire dans la capitale serait du plus bel effet concernant leurs ambitions de qualification. Mais il y a un \u00ab\u00a0mais\u00a0\u00bb\u2026<\/p>\n<p style=\"text-align: justify;\">Au match aller, Castres s\u2019\u00e9tait difficilement impos\u00e9 <a href=\"https:\/\/dicodusport.fr\/blog\/top-14-2025-2026-j7-montpellier-fait-le-plein-lubb-et-la-rochelle-rebondissent-le-resume-du-multirugby\/\" target=\"_blank\" rel=\"noopener\"><strong>29-24<\/strong><\/a> \u00e0 domicile, mais il y a un obstacle de taille : le CO n\u2019a jamais gagn\u00e9 \u00e0 Paris dans l\u2019histoire du Top 14. De facto, le Stade Fran\u00e7ais est le favori logique de la rencontre.<\/p>\n<p>Stade Fran\u00e7ais \u2013 Castres : \u00c0 quelle heure et sur quelle cha\u00eene TV suivre le match ?<\/p>\n<p style=\"text-align: justify;\">Le match <b>Stade Fran\u00e7ais-Castres <\/b>est \u00e0 suivre ce <b>samedi 3 janvier 2026 \u00e0 16h35<\/b>\u00a0sur <b>Canal+ Sport<\/b>, et dans le Multiplex sur <strong>Canal+<\/strong>.<\/p>\n<p>\n<a href=\"https:\/\/dicodusport.fr\/blog\/offres\/abonnements-sans-pub\/\" target=\"_blank\" rel=\"noopener\"><img loading=\"lazy\" decoding=\"async\" class=\"alignnone size-full wp-image-501284 perfmatters-lazy\" alt=\"\" width=\"1200\" height=\"200\" src=\"https:\/\/www.europesays.com\/fr\/wp-content\/uploads\/2025\/04\/Abonnements-sans-pubs-Dicodusport.png\"\/><\/a><\/p>\n<p>Les compositions probables de Stade Fran\u00e7ais-Castres<br \/>\nLa composition du Stade Fran\u00e7ais<\/p>\n<p style=\"text-align: justify;\"><strong>XV de d\u00e9part<\/strong> : 15. Barr\u00e9\u2005; 14. P.Dakuwaqa ou Marchant, 13.Ward, 12.Nene ou Vili, 11. Ezeala\u2005; 10.Carbonel, 9.Kerr-Barlow\u2005; 7.Briatte (cap.), 8. Tanga-Mangene, 6. Halaifonua\u2005; 5.Pesenti, 4.Gabrillagues ou Azagoh\u2005; 3.P.Alo-Emile, 2.Nicotera, 1.Abramishvili.<\/p>\n<p style=\"text-align: justify;\"><strong>Les rempla\u00e7ants<\/strong> : 16. Peyresblanques ou Garcia, 17. Iscaro, 18.Azagoh ou Gabrillagues, 19.Hirigoyen, 20.P.Abadie, 21.Nene ou Vili, 22.Macalou, 23.Melikidze.<\/p>\n<p>La composition de Castres<\/p>\n<p style=\"text-align: justify;\"><strong>XV de d\u00e9part<\/strong> : 15. Chabouni\u2005; 14. Baget, 13. Karawalevu, 12. Botitu, 11.Vargas\u2005; 10. Popelin, 9. Fernandez\u2005; 7. Ramototabua, 8. Ardron, 6. Maravat\u2005; 5. Staniforth, 4. Vanverberghe (cap.)\u2005; 3. Azar, 2.Zarantonello, 1. Walcker.<\/p>\n<p>\n<a href=\"https:\/\/dicodusport.fr\/blog\/offres\/abonnements-sans-pub\/\" target=\"_blank\" rel=\"noopener\"><img loading=\"lazy\" decoding=\"async\" class=\"alignnone size-full wp-image-501296 perfmatters-lazy\" alt=\"\" width=\"400\" height=\"400\" src=\"https:\/\/www.europesays.com\/fr\/wp-content\/uploads\/2025\/04\/Abonnements-sans-pubs-Dicodusport-mobile.png\"\/><\/a><\/p>\n<p style=\"text-align: justify;\"><strong>Les rempla\u00e7ants<\/strong> : 16. Durand, 17. Gu\u00e9rois-Galisson, 18. Jedrasiak, 19.Nakarawa, 20. Meka, 21. Doubr\u00e8re, 22. Guilhot, 23. Chilachava.<\/p>\n<p>Les cotes de Stade Fran\u00e7ais-Castres<\/p>\n<tr style=\"height: 16px;\">\n<td style=\"background-color: #404040; text-align: left; border-color: #ededed; width: 500px;\" colspan=\"3\">Samedi 3 janvier 2026 16h35<\/td>\n<\/tr>\n<tr style=\"height: 24px;\">\n<td style=\"background-color: #ffffff; border-color: #ededed; vertical-align: middle; text-align: center; width: 266px;\"><b>Stade fran\u00e7ais<br \/><\/b><a href=\"https:\/\/www.winamax.fr\/paris-sportifs\/match\/62109268?banid=33423\" class=\"su-button su-button-style-flat su-button-wide\" style=\"color:#fff;background-color:#000;border-color:#000000;border-radius:5px\" target=\"_blank\" rel=\"noopener noreferrer\"> 1.10<\/a><\/td>\n<td style=\"background-color: #ffffff; border-color: #ededed; vertical-align: middle; text-align: center; width: 266px;\"><strong>Match nul.<\/strong><br \/><a href=\"https:\/\/www.winamax.fr\/paris-sportifs\/match\/62109268?banid=33423\" class=\"su-button su-button-style-flat su-button-wide\" style=\"color:#fff;background-color:#000;border-color:#000000;border-radius:5px\" target=\"_blank\" rel=\"noopener noreferrer\"> 30<\/a><\/td>\n<td style=\"background-color: #ffffff; border-color: #ededed; vertical-align: middle; text-align: center; width: 266px;\"><b>Castres<\/b><br \/><a href=\"https:\/\/www.winamax.fr\/paris-sportifs\/match\/62109268?banid=33423\" class=\"su-button su-button-style-flat su-button-wide\" style=\"color:#fff;background-color:#000;border-color:#000000;border-radius:5px\" target=\"_blank\" rel=\"noopener noreferrer\"> 6.25<\/a><\/td>\n<\/tr>\n<p style=\"text-align: justify;\">Tentez votre chance en profitant de votre <a href=\"https:\/\/www.winamax.fr\/registration\/landing\/affiliation_Bonus100?banid=33423\" target=\"_blank\" rel=\"noopener\">1\u1d49\u02b3 d\u00e9p\u00f4t doubl\u00e9 jusqu\u2019\u00e0 100 \u20ac<\/a> directs en paris gratuits sur Winamax !<\/p>\n","protected":false},"excerpt":{"rendered":"D\u00e9couvrez l\u2019heure, la cha\u00eene TV et les compositions pour Stade Fran\u00e7ais-Castres en Top 14. Toutes les infos essentielles&hellip;\n","protected":false},"author":2,"featured_media":635469,"comment_status":"","ping_status":"","sticky":false,"template":"","format":"standard","meta":{"footnotes":""},"categories":[1416],"tags":[2113,7336,1011,27,479,1468,60,2558,478],"class_list":{"0":"post-635468","1":"post","2":"type-post","3":"status-publish","4":"format-standard","5":"has-post-thumbnail","7":"category-rugby","8":"tag-breve","9":"tag-castres-olympique","10":"tag-fr","11":"tag-france","12":"tag-rugby","13":"tag-rugby-football","14":"tag-sports","15":"tag-stade-francais","16":"tag-top-14"},"share_on_mastodon":{"url":"https:\/\/pubeurope.com\/@fr\/115823589874198373","error":""},"_links":{"self":[{"href":"https:\/\/www.europesays.com\/fr\/wp-json\/wp\/v2\/posts\/635468","targetHints":{"allow":["GET"]}}],"collection":[{"href":"https:\/\/www.europesays.com\/fr\/wp-json\/wp\/v2\/posts"}],"about":[{"href":"https:\/\/www.europesays.com\/fr\/wp-json\/wp\/v2\/types\/post"}],"author":[{"embeddable":true,"href":"https:\/\/www.europesays.com\/fr\/wp-json\/wp\/v2\/users\/2"}],"replies":[{"embeddable":true,"href":"https:\/\/www.europesays.com\/fr\/wp-json\/wp\/v2\/comments?post=635468"}],"version-history":[{"count":0,"href":"https:\/\/www.europesays.com\/fr\/wp-json\/wp\/v2\/posts\/635468\/revisions"}],"wp:featuredmedia":[{"embeddable":true,"href":"https:\/\/www.europesays.com\/fr\/wp-json\/wp\/v2\/media\/635469"}],"wp:attachment":[{"href":"https:\/\/www.europesays.com\/fr\/wp-json\/wp\/v2\/media?parent=635468"}],"wp:term":[{"taxonomy":"category","embeddable":true,"href":"https:\/\/www.europesays.com\/fr\/wp-json\/wp\/v2\/categories?post=635468"},{"taxonomy":"post_tag","embeddable":true,"href":"https:\/\/www.europesays.com\/fr\/wp-json\/wp\/v2\/tags?post=635468"}],"curies":[{"name":"wp","href":"https:\/\/api.w.org\/{rel}","templated":true}]}}